{"id":12383,"date":"2024-09-23T09:06:40","date_gmt":"2024-09-23T12:06:40","guid":{"rendered":"https:\/\/sgvaimudar.com.br\/?p=12383"},"modified":"2024-09-23T09:06:41","modified_gmt":"2024-09-23T12:06:41","slug":"policiais-da-p2-do-12o-bpm-prendem-chefe-do-trafico-de-morro-de-niteroi","status":"publish","type":"post","link":"https:\/\/sgvaimudar.com.br\/index.php\/2024\/09\/23\/policiais-da-p2-do-12o-bpm-prendem-chefe-do-trafico-de-morro-de-niteroi\/","title":{"rendered":"Policiais da P2 do 12\u00ba BPM\u00a0prendem chefe do tr\u00e1fico de morro de Niter\u00f3i"},"content":{"rendered":"\n<p> <em style=\"font-size: revert\">O criminoso estava na condi\u00e7\u00e3o de evadido do Sistema Penitenci\u00e1rio desde outubro de 2023<\/em><\/p>\n\n\n\n<p>Um criminoso, foragido da Justi\u00e7a e chefe do tr\u00e1fico de drogas do Morro do Cantagalo, Josemir Oliveira da Silva, vulgo <strong>\u201cSemi ou CM\u201d<\/strong>, 40 anos, foi preso por policiais militares da P2 do12\u00ba BPM (Niter\u00f3i), pertencentes ao 4\u00ba Comando de Policiamento de \u00c1rea (CPA), ap\u00f3s an\u00e1lise de dados e informa\u00e7\u00f5es passadas pelo Disque Den\u00fancia (2253-1177), na manh\u00e3 da \u00faltima sexta-feira (20), na Rua Jo\u00e3o Manoel da Silva, antiga Rua C, no Cantagalo, em Niter\u00f3i. <\/p>\n\n\n\n<p>Ligado a fac\u00e7\u00e3o criminosa Comando Vermelho (CV), ele estava sendo monitorado e foi preso em sua moradia, e n\u00e3o ofereceu resist\u00eancia no ato da pris\u00e3o.&nbsp;&nbsp;<\/p>\n\n\n\n<p>Segundo as informa\u00e7\u00f5es, contra ele constava um Mandados de Pris\u00e3o, expedido pela Vara de Execu\u00e7\u00f5es Penais (VEP), com pedido de recaptura, em raz\u00e3o de que em setembro de 2023, ele regrediu do regime fechado para o semiaberto, e teve o direito de sa\u00edda tempor\u00e1ria na modalidade de Visita Peri\u00f3dica ao Lar (VPL), em outubro de 2023, e n\u00e3o retornou a sua unidade prisional, desde ent\u00e3o, sendo considerado um Evadido do Sistema Penitenci\u00e1rio.<\/p>\n\n\n\n<p>Com passagens pelo sistema prisional, desde 2008, ele chegou a ser preso em janeiro de 2016, tamb\u00e9m na mesma condi\u00e7\u00e3o de evas\u00e3o, quando recebeu o benef\u00edcio de Pris\u00e3o Albergue Domiciliar (PAD), em abril de 2013, e tamb\u00e9m n\u00e3o retornou ao pres\u00eddio.&nbsp;<\/p>\n\n\n\n<p>Ap\u00f3s ser dada voz de pris\u00e3o, ele foi levado \u00e0 79\u00aa DP (Jurujuba) e depois para 76\u00aa (Niter\u00f3i), onde foi cumprido o mandado de pris\u00e3o e, posteriormente, foi encaminhado \u00e0 Seap-RJ, onde permanecer\u00e1 \u00e0 disposi\u00e7\u00e3o da Justi\u00e7a, a fim de cumprir o restante da pena de 25 anos de reclus\u00e3o, pelos crimes de Tr\u00e1fico de Drogas e Homic\u00eddio, imposta pelo Poder Judici\u00e1rio.\u00a0<\/p>\n\n\n\n<p><strong><em><sub>S\u00e3o Gon\u00e7alo Vai Mudar. O Maior Portal da Cidade.<\/sub><\/em><\/strong><\/p>\n\n\n\n<figure class=\"wp-block-image size-full\"><img decoding=\"async\" width=\"251\" height=\"88\" src=\"https:\/\/sgvaimudar.com.br\/wp-content\/uploads\/2023\/08\/Logo.png\" alt=\"\" class=\"wp-image-2738\" \/><\/figure>\n\n\n\n<p> <\/p>\n","protected":false},"excerpt":{"rendered":"<p>O criminoso estava na condi\u00e7\u00e3o de evadido do Sistema Penitenci\u00e1rio desde outubro de 2023 Um criminoso, foragido da Justi\u00e7a e&hellip;<\/p>\n","protected":false},"author":5,"featured_media":12384,"comment_status":"open","ping_status":"open","sticky":false,"template":"","format":"standard","meta":{"fifu_image_url":"","fifu_image_alt":"","footnotes":""},"categories":[32],"tags":[],"class_list":["post-12383","post","type-post","status-publish","format-standard","has-post-thumbnail","hentry","category-casos-de-policia"],"_links":{"self":[{"href":"https:\/\/sgvaimudar.com.br\/index.php\/wp-json\/wp\/v2\/posts\/12383","targetHints":{"allow":["GET"]}}],"collection":[{"href":"https:\/\/sgvaimudar.com.br\/index.php\/wp-json\/wp\/v2\/posts"}],"about":[{"href":"https:\/\/sgvaimudar.com.br\/index.php\/wp-json\/wp\/v2\/types\/post"}],"author":[{"embeddable":true,"href":"https:\/\/sgvaimudar.com.br\/index.php\/wp-json\/wp\/v2\/users\/5"}],"replies":[{"embeddable":true,"href":"https:\/\/sgvaimudar.com.br\/index.php\/wp-json\/wp\/v2\/comments?post=12383"}],"version-history":[{"count":1,"href":"https:\/\/sgvaimudar.com.br\/index.php\/wp-json\/wp\/v2\/posts\/12383\/revisions"}],"predecessor-version":[{"id":12385,"href":"https:\/\/sgvaimudar.com.br\/index.php\/wp-json\/wp\/v2\/posts\/12383\/revisions\/12385"}],"wp:featuredmedia":[{"embeddable":true,"href":"https:\/\/sgvaimudar.com.br\/index.php\/wp-json\/wp\/v2\/media\/12384"}],"wp:attachment":[{"href":"https:\/\/sgvaimudar.com.br\/index.php\/wp-json\/wp\/v2\/media?parent=12383"}],"wp:term":[{"taxonomy":"category","embeddable":true,"href":"https:\/\/sgvaimudar.com.br\/index.php\/wp-json\/wp\/v2\/categories?post=12383"},{"taxonomy":"post_tag","embeddable":true,"href":"https:\/\/sgvaimudar.com.br\/index.php\/wp-json\/wp\/v2\/tags?post=12383"}],"curies":[{"name":"wp","href":"https:\/\/api.w.org\/{rel}","templated":true}]}}