{"id":12367,"date":"2024-09-23T08:32:08","date_gmt":"2024-09-23T11:32:08","guid":{"rendered":"https:\/\/sgvaimudar.com.br\/?p=12367"},"modified":"2024-09-23T08:32:09","modified_gmt":"2024-09-23T11:32:09","slug":"itaborai-tera-falta-dagua-nesta-segunda-para-manutencao-em-estacao-de-tratamento","status":"publish","type":"post","link":"https:\/\/sgvaimudar.com.br\/index.php\/2024\/09\/23\/itaborai-tera-falta-dagua-nesta-segunda-para-manutencao-em-estacao-de-tratamento\/","title":{"rendered":"Itabora\u00ed ter\u00e1 falta d\u2019\u00e1gua nesta segunda para manuten\u00e7\u00e3o em esta\u00e7\u00e3o de tratamento"},"content":{"rendered":"\n<p><em>No per\u00edodo de interrup\u00e7\u00e3o a concession\u00e1ria orienta os clientes a reservarem \u00e1gua em caixas d\u2019\u00e1gua e cisternas e reduzirem o consumo<\/em><\/p>\n\n\n\n<p>Moradores de Itabora\u00ed ter\u00e3o o fornecimento de \u00e1gua tratada interrompido nesta segunda-feira (23). Segundo a concession\u00e1ria \u00c1guas do Rio, a interrup\u00e7\u00e3o ser\u00e1 necess\u00e1ria para a realiza\u00e7\u00e3o de uma manuten\u00e7\u00e3o preventiva na Esta\u00e7\u00e3o de Tratamento de \u00c1gua Porto das Caixas.<\/p>\n\n\n\n<p>A normaliza\u00e7\u00e3o do abastecimento ocorrer\u00e1, de forma gradativa, ap\u00f3s a conclus\u00e3o do servi\u00e7o, previsto para \u00e0s seis da tarde.<\/p>\n\n\n\n<p>Em nota, a \u00c1guas do Rio informou que a a\u00e7\u00e3o integra a s\u00e9rie de medidas operacionais adotadas pela concession\u00e1ria para atender as demandas no per\u00edodo de estiagem e reduzir os impactos para a popula\u00e7\u00e3o.<\/p>\n\n\n\n<figure class=\"wp-block-image size-full\"><img decoding=\"async\" width=\"251\" height=\"88\" src=\"https:\/\/sgvaimudar.com.br\/wp-content\/uploads\/2023\/08\/Logo.png\" alt=\"\" class=\"wp-image-2738\" \/><\/figure>\n","protected":false},"excerpt":{"rendered":"<p>No per\u00edodo de interrup\u00e7\u00e3o a concession\u00e1ria orienta os clientes a reservarem \u00e1gua em caixas d\u2019\u00e1gua e cisternas e reduzirem o&hellip;<\/p>\n","protected":false},"author":5,"featured_media":12368,"comment_status":"open","ping_status":"open","sticky":false,"template":"","format":"standard","meta":{"fifu_image_url":"","fifu_image_alt":"","footnotes":""},"categories":[3],"tags":[],"class_list":["post-12367","post","type-post","status-publish","format-standard","has-post-thumbnail","hentry","category-sao-goncalo"],"_links":{"self":[{"href":"https:\/\/sgvaimudar.com.br\/index.php\/wp-json\/wp\/v2\/posts\/12367","targetHints":{"allow":["GET"]}}],"collection":[{"href":"https:\/\/sgvaimudar.com.br\/index.php\/wp-json\/wp\/v2\/posts"}],"about":[{"href":"https:\/\/sgvaimudar.com.br\/index.php\/wp-json\/wp\/v2\/types\/post"}],"author":[{"embeddable":true,"href":"https:\/\/sgvaimudar.com.br\/index.php\/wp-json\/wp\/v2\/users\/5"}],"replies":[{"embeddable":true,"href":"https:\/\/sgvaimudar.com.br\/index.php\/wp-json\/wp\/v2\/comments?post=12367"}],"version-history":[{"count":1,"href":"https:\/\/sgvaimudar.com.br\/index.php\/wp-json\/wp\/v2\/posts\/12367\/revisions"}],"predecessor-version":[{"id":12369,"href":"https:\/\/sgvaimudar.com.br\/index.php\/wp-json\/wp\/v2\/posts\/12367\/revisions\/12369"}],"wp:featuredmedia":[{"embeddable":true,"href":"https:\/\/sgvaimudar.com.br\/index.php\/wp-json\/wp\/v2\/media\/12368"}],"wp:attachment":[{"href":"https:\/\/sgvaimudar.com.br\/index.php\/wp-json\/wp\/v2\/media?parent=12367"}],"wp:term":[{"taxonomy":"category","embeddable":true,"href":"https:\/\/sgvaimudar.com.br\/index.php\/wp-json\/wp\/v2\/categories?post=12367"},{"taxonomy":"post_tag","embeddable":true,"href":"https:\/\/sgvaimudar.com.br\/index.php\/wp-json\/wp\/v2\/tags?post=12367"}],"curies":[{"name":"wp","href":"https:\/\/api.w.org\/{rel}","templated":true}]}}