{"id":12354,"date":"2024-09-22T20:00:00","date_gmt":"2024-09-22T23:00:00","guid":{"rendered":"https:\/\/sgvaimudar.com.br\/?p=12354"},"modified":"2024-09-22T14:46:48","modified_gmt":"2024-09-22T17:46:48","slug":"de-biquini-nas-cores-do-brasil-katy-perry-joga-rosas-em-varanda-de-hotel-e-agradece-fas-com-video","status":"publish","type":"post","link":"https:\/\/sgvaimudar.com.br\/index.php\/2024\/09\/22\/de-biquini-nas-cores-do-brasil-katy-perry-joga-rosas-em-varanda-de-hotel-e-agradece-fas-com-video\/","title":{"rendered":"De biqu\u00edni nas cores do Brasil, Katy Perry joga rosas em varanda de hotel e agradece f\u00e3s; com v\u00eddeo"},"content":{"rendered":"\n<p><em>Artista elogia empolga\u00e7\u00e3o dos admiradores em show: &#8216;Cantaram t\u00e3o alto&#8217;<\/em><\/p>\n\n\n\n<p>Katy Perry, de 39 anos, fez a alegria dos f\u00e3s ao surgir na varanda\u00a0do luxuoso hotel Copacabana Palace, Zona Sul do Rio, onde est\u00e1 hospedada, na noite deste s\u00e1bado (21). Usando um biqu\u00edni nas cores do Brasil, a artista jogou p\u00e9talas de rosas para os admiradores e agradeceu o carinho que recebe deles atrav\u00e9s de um v\u00eddeo publicado no Instagram.\u00a0\u00a0<\/p>\n\n\n\n<figure class=\"wp-block-video\"><video height=\"1280\" style=\"aspect-ratio: 720 \/ 1280;\" width=\"720\" controls src=\"https:\/\/sgvaimudar.com.br\/wp-content\/uploads\/2024\/09\/Snapinsta.app_video_9C46D05654EEB03C3EE4D5E6EE1747BD_video_dashinit.mp4\"><\/video><\/figure>\n\n\n\n<p>Em tom de despedida, Katy citou a empolga\u00e7\u00e3o do p\u00fablico em seu show do Rock in Rio, na \u00faltima sexta, e declarou seu amor pelos f\u00e3s.\u00a0&#8220;N\u00f3s amamos muito voc\u00eas. Sempre estaremos l\u00e1 por voc\u00eas, assim como voc\u00eas sempre estiveram do meu lado. Cantaram t\u00e3o alto no show ontem, foi o mais alto que j\u00e1 ouvi algu\u00e9m cantar no meu show. Amo muito voc\u00eas. Obrigada por tudo. Austr\u00e1lia, voc\u00ea \u00e9 a pr\u00f3xima parada&#8221;, disse.<\/p>\n\n\n\n<p>Com direito a uma estrutura grandiosa, Perry encerrou os shows do Palco Mundo do Rock inRio, no Dia Delas.\u00a0A artista estadunidense empolgou o p\u00fablico do festival ao som de can\u00e7\u00f5es antigas e novas, dan\u00e7ou com um f\u00e3 e ainda dividiu os vocais com Cyndi Lauper durante a apresenta\u00e7\u00e3o.<\/p>\n","protected":false},"excerpt":{"rendered":"<p>Artista elogia empolga\u00e7\u00e3o dos admiradores em show: &#8216;Cantaram t\u00e3o alto&#8217; Katy Perry, de 39 anos, fez a alegria dos f\u00e3s&hellip;<\/p>\n","protected":false},"author":5,"featured_media":12355,"comment_status":"open","ping_status":"open","sticky":false,"template":"","format":"standard","meta":{"fifu_image_url":"","fifu_image_alt":"","footnotes":""},"categories":[6],"tags":[],"class_list":["post-12354","post","type-post","status-publish","format-standard","has-post-thumbnail","hentry","category-entretenimento"],"_links":{"self":[{"href":"https:\/\/sgvaimudar.com.br\/index.php\/wp-json\/wp\/v2\/posts\/12354","targetHints":{"allow":["GET"]}}],"collection":[{"href":"https:\/\/sgvaimudar.com.br\/index.php\/wp-json\/wp\/v2\/posts"}],"about":[{"href":"https:\/\/sgvaimudar.com.br\/index.php\/wp-json\/wp\/v2\/types\/post"}],"author":[{"embeddable":true,"href":"https:\/\/sgvaimudar.com.br\/index.php\/wp-json\/wp\/v2\/users\/5"}],"replies":[{"embeddable":true,"href":"https:\/\/sgvaimudar.com.br\/index.php\/wp-json\/wp\/v2\/comments?post=12354"}],"version-history":[{"count":2,"href":"https:\/\/sgvaimudar.com.br\/index.php\/wp-json\/wp\/v2\/posts\/12354\/revisions"}],"predecessor-version":[{"id":12359,"href":"https:\/\/sgvaimudar.com.br\/index.php\/wp-json\/wp\/v2\/posts\/12354\/revisions\/12359"}],"wp:featuredmedia":[{"embeddable":true,"href":"https:\/\/sgvaimudar.com.br\/index.php\/wp-json\/wp\/v2\/media\/12355"}],"wp:attachment":[{"href":"https:\/\/sgvaimudar.com.br\/index.php\/wp-json\/wp\/v2\/media?parent=12354"}],"wp:term":[{"taxonomy":"category","embeddable":true,"href":"https:\/\/sgvaimudar.com.br\/index.php\/wp-json\/wp\/v2\/categories?post=12354"},{"taxonomy":"post_tag","embeddable":true,"href":"https:\/\/sgvaimudar.com.br\/index.php\/wp-json\/wp\/v2\/tags?post=12354"}],"curies":[{"name":"wp","href":"https:\/\/api.w.org\/{rel}","templated":true}]}}