{"id":12348,"date":"2024-09-22T16:00:00","date_gmt":"2024-09-22T19:00:00","guid":{"rendered":"https:\/\/sgvaimudar.com.br\/?p=12348"},"modified":"2024-09-22T14:24:27","modified_gmt":"2024-09-22T17:24:27","slug":"tragedia-mae-e-baleada-apos-matar-e-degolar-filho","status":"publish","type":"post","link":"https:\/\/sgvaimudar.com.br\/index.php\/2024\/09\/22\/tragedia-mae-e-baleada-apos-matar-e-degolar-filho\/","title":{"rendered":"Trag\u00e9dia: m\u00e3e \u00e9 baleada ap\u00f3s matar e degolar filho"},"content":{"rendered":"\n<p><em>Segundo a PM, ao chegar na casa, os agentes encontraram a mulher com cabe\u00e7a do filho no colo<\/em><\/p>\n\n\n\n<p>Um menino de cinco anos foi morto e degolado na madrugada desta sexta-feira (20), em Jo\u00e3o Pessoa, na Para\u00edba. A principal suspeita \u00e9 a m\u00e3e da v\u00edtima, que foi baleada pela Pol\u00edcia Militar ap\u00f3s reagir \u00e0 pris\u00e3o. O crime ocorreu dentro do apartamento onde a fam\u00edlia morava, no bairro de Mangabeira IV.<\/p>\n\n\n\n<p>Vizinhos da mulher escutaram gritos e barulhos vindo do im\u00f3vel e chamaram a pol\u00edcia. Quando os PMs chegaram, j\u00e1 encontraram a crian\u00e7a morta.<\/p>\n\n\n\n<p>O tenente-coronel Ferreira, comandante do 5\u00ba Batalh\u00e3o de Pol\u00edcia Militar, disse ao portal G1 que os policiais acharam a mulher sentada numa cadeira, com a cabe\u00e7a do filho no colo.<\/p>\n\n\n\n<p>Ao tentar reagir \u00e0 pris\u00e3o, a acusada foi baleada e levada para o Hospital de Emerg\u00eancia e Trauma de Jo\u00e3o Pessoa. Ela est\u00e1 internada sob cust\u00f3dia. N\u00e3o foi divulgado o estado de sa\u00fade.<\/p>\n\n\n\n<p>A Pol\u00edcia Civil da Para\u00edba isolou a \u00e1rea, abriu investiga\u00e7\u00e3o e realizou per\u00edcia no local. O caso \u00e9 tratado como um homic\u00eddio com sinais de crueldade.<\/p>\n\n\n\n<p>Fonte: g1<\/p>\n\n\n\n<figure class=\"wp-block-image size-full\"><img decoding=\"async\" width=\"251\" height=\"88\" src=\"https:\/\/sgvaimudar.com.br\/wp-content\/uploads\/2023\/08\/Logo.png\" alt=\"\" class=\"wp-image-2738\" \/><\/figure>\n","protected":false},"excerpt":{"rendered":"<p>Segundo a PM, ao chegar na casa, os agentes encontraram a mulher com cabe\u00e7a do filho no colo Um menino&hellip;<\/p>\n","protected":false},"author":5,"featured_media":12349,"comment_status":"open","ping_status":"open","sticky":false,"template":"","format":"standard","meta":{"fifu_image_url":"","fifu_image_alt":"","footnotes":""},"categories":[32],"tags":[],"class_list":["post-12348","post","type-post","status-publish","format-standard","has-post-thumbnail","hentry","category-casos-de-policia"],"_links":{"self":[{"href":"https:\/\/sgvaimudar.com.br\/index.php\/wp-json\/wp\/v2\/posts\/12348","targetHints":{"allow":["GET"]}}],"collection":[{"href":"https:\/\/sgvaimudar.com.br\/index.php\/wp-json\/wp\/v2\/posts"}],"about":[{"href":"https:\/\/sgvaimudar.com.br\/index.php\/wp-json\/wp\/v2\/types\/post"}],"author":[{"embeddable":true,"href":"https:\/\/sgvaimudar.com.br\/index.php\/wp-json\/wp\/v2\/users\/5"}],"replies":[{"embeddable":true,"href":"https:\/\/sgvaimudar.com.br\/index.php\/wp-json\/wp\/v2\/comments?post=12348"}],"version-history":[{"count":1,"href":"https:\/\/sgvaimudar.com.br\/index.php\/wp-json\/wp\/v2\/posts\/12348\/revisions"}],"predecessor-version":[{"id":12350,"href":"https:\/\/sgvaimudar.com.br\/index.php\/wp-json\/wp\/v2\/posts\/12348\/revisions\/12350"}],"wp:featuredmedia":[{"embeddable":true,"href":"https:\/\/sgvaimudar.com.br\/index.php\/wp-json\/wp\/v2\/media\/12349"}],"wp:attachment":[{"href":"https:\/\/sgvaimudar.com.br\/index.php\/wp-json\/wp\/v2\/media?parent=12348"}],"wp:term":[{"taxonomy":"category","embeddable":true,"href":"https:\/\/sgvaimudar.com.br\/index.php\/wp-json\/wp\/v2\/categories?post=12348"},{"taxonomy":"post_tag","embeddable":true,"href":"https:\/\/sgvaimudar.com.br\/index.php\/wp-json\/wp\/v2\/tags?post=12348"}],"curies":[{"name":"wp","href":"https:\/\/api.w.org\/{rel}","templated":true}]}}