{"id":12294,"date":"2024-09-21T09:07:26","date_gmt":"2024-09-21T12:07:26","guid":{"rendered":"https:\/\/sgvaimudar.com.br\/?p=12294"},"modified":"2024-09-21T09:07:26","modified_gmt":"2024-09-21T12:07:26","slug":"sao-goncalo-realiza-desfile-civico-militar-neste-domingo","status":"publish","type":"post","link":"https:\/\/sgvaimudar.com.br\/index.php\/2024\/09\/21\/sao-goncalo-realiza-desfile-civico-militar-neste-domingo\/","title":{"rendered":"S\u00e3o Gon\u00e7alo realiza desfile c\u00edvico-militar neste domingo"},"content":{"rendered":"\n<p><em>Munic\u00edpio comemora 134 anos de emancipa\u00e7\u00e3o pol\u00edtico-administrativa<\/em><\/p>\n\n\n\n<p>Para marcar as comemora\u00e7\u00f5es pelos 134 anos de emancipa\u00e7\u00e3o pol\u00edtico-administrativa de S\u00e3o Gon\u00e7alo, o tradicional Desfile C\u00edvico-Militar acontece neste domingo (22), com in\u00edcio \u00e0s 8h, no Centro da cidade. A solenidade contar\u00e1 com a apresenta\u00e7\u00e3o de tropas das For\u00e7as Armadas e institui\u00e7\u00f5es militares e assistenciais, entidades representativas da sociedade civil, de ensino e de sa\u00fade.<\/p>\n\n\n\n<figure class=\"wp-block-image size-large\"><img fetchpriority=\"high\" decoding=\"async\" width=\"1024\" height=\"683\" src=\"https:\/\/sgvaimudar.com.br\/wp-content\/uploads\/2024\/09\/unnamed-1-7-1024x683.jpg\" alt=\"\" class=\"wp-image-12295\" srcset=\"https:\/\/sgvaimudar.com.br\/wp-content\/uploads\/2024\/09\/unnamed-1-7-1024x683.jpg 1024w, https:\/\/sgvaimudar.com.br\/wp-content\/uploads\/2024\/09\/unnamed-1-7-300x200.jpg 300w, https:\/\/sgvaimudar.com.br\/wp-content\/uploads\/2024\/09\/unnamed-1-7-768x512.jpg 768w, https:\/\/sgvaimudar.com.br\/wp-content\/uploads\/2024\/09\/unnamed-1-7-1536x1024.jpg 1536w, https:\/\/sgvaimudar.com.br\/wp-content\/uploads\/2024\/09\/unnamed-1-7-2048x1365.jpg 2048w\" sizes=\"(max-width: 1024px) 100vw, 1024px\" \/><\/figure>\n\n\n\n<p>Dezenove escolas municipais v\u00e3o participar do evento, que tamb\u00e9m vai contar com a presen\u00e7a de policiais militares do 7\u00ba BPM, do Comando de Pol\u00edcia Ambiental (CPAM) e do Batalh\u00e3o de Rondas Especiais e Controle de Multid\u00e3o (RECOM); do Corpo de Bombeiros; da Tropa de Refor\u00e7o da Marinha, do 11\u00ba Grupo de Artilharia em Campanha \u2013 Forte do Rio Branco, da Banda da Artilharia Division\u00e1ria da 1\u00aa Divis\u00e3o do Ex\u00e9rcito, de agentes da Guarda Municipal, integrantes da Associa\u00e7\u00e3o dos Reservistas e Amigos do 1\u00ba Batalh\u00e3o de Guarda AR1BG, entidades da sociedade civil, institui\u00e7\u00f5es assistenciais&nbsp;e motorizados.<\/p>\n\n\n\n<p><strong>Tr\u00e2nsito<\/strong>&nbsp;&#8211; No s\u00e1bado, haver\u00e1 mudan\u00e7as pontuais para a montagem do palco e do posto m\u00e9dico do desfile. A interdi\u00e7\u00e3o ser\u00e1 feita na Rua Salvatori, no trecho compreendido entre as ruas Alu\u00edsio Neiva e Doutor Feliciano Sodr\u00e9, \u00e0s 23h30. O tr\u00e1fego de ve\u00edculos tamb\u00e9m ser\u00e1 interditado na pista de rolamento do bordo direito da Rua Doutor Feliciano Sodr\u00e9, no trecho compreendido entre o Teatro Municipal e a Rua Salvatori, a partir das 10h. Haver\u00e1 agentes de tr\u00e2nsito no local.<\/p>\n\n\n\n<p>Os motoristas tamb\u00e9m devem ficar atentos \u00e0s mudan\u00e7as que ter\u00e3o in\u00edcio a partir das 5h30 indo at\u00e9 \u00e0s 14h de domingo (22). As seguintes vias ser\u00e3o interditadas ao tr\u00e1fego de ve\u00edculos:<\/p>\n\n\n\n<p>. Rua Coronel Serrado, faixa sentido Centro, no trecho compreendido entre as ruas Doutor Get\u00falio Vargas e Coronel Moreira C\u00e9sar;<\/p>\n\n\n\n<p>. Rua Dr. Francisco Portela, no trecho compreendido entre as ruas Euzelina e Coronel Moreira C\u00e9sar;<\/p>\n\n\n\n<p>. Ruas Lara Vilela e S\u00e1 Carvalho, nos trechos compreendidos entre a Avenida Presidente Kennedy e a Rua Coronel Moreira C\u00e9sar;<\/p>\n\n\n\n<p>. Rua Zeferino Reis, no trecho compreendido entre a Avenida Presidente Kennedy e a Rua Doutor Feliciano Sodr\u00e9;<\/p>\n\n\n\n<p>. Rua Salvatori, no trecho compreendido entre as ruas Doutor Feliciano Sodr\u00e9 e Alu\u00edsio Neiva;<\/p>\n\n\n\n<p>. Rua Eduardo Vieira de Souza, Travessa Jorge Soares e Rua Ant\u00f4nio dos Santos Figueiredo, nos trechos compreendidos entre as ruas Doutor Nilo Pe\u00e7anha e Alu\u00edsio Neiva;<\/p>\n\n\n\n<p>. Ruas Coronel Moreira C\u00e9sar e Doutor Feliciano Sodr\u00e9, em toda sua extens\u00e3o;<\/p>\n\n\n\n<p>. Rua Doutor Nilo Pe\u00e7anha, no trecho compreendido entre as ruas Doutor Feliciano Sodr\u00e9 e General Ant\u00f4nio Rodrigues.<\/p>\n\n\n\n<p>Uma das outras altera\u00e7\u00f5es no tr\u00e2nsito que servir\u00e1 apenas para o dia do desfile \u00e9 a mudan\u00e7a de sentido das ruas Alu\u00edsio Neiva e General Ant\u00f4nio Rodrigues, que ter\u00e3o sentido \u00fanico de circula\u00e7\u00e3o, na dire\u00e7\u00e3o do bairro Estrela do Norte.<\/p>\n\n\n\n<p>Com as interdi\u00e7\u00f5es, a Secretaria tamb\u00e9m desvios no tr\u00e1fego de ve\u00edculos. Os motoristas que vierem do Barro Vermelho para o Centro dever\u00e3o seguir pela Rua Dr. Get\u00falio Vargas, desviando pela Av. Presidente Humberto de Alencar Castelo Branco, trafegando em seguida pela Av. Jornalista Roberto Marinho, acessando a Rua Salvatori, depois a Rua Jos\u00e9 da Silva Pessoa, a Rua Jos\u00e9 Louren\u00e7o de Azevedo, retornando em outro trecho da Rua Salvatori, acessando em seguida a Rua Alu\u00edsio Neiva, seguindo at\u00e9 a General Ant\u00f4nio Rodrigues e acessando, por fim, a Rua Dr. Nilo Pe\u00e7anha.<\/p>\n\n\n\n<p>J\u00e1 aqueles que estiverem vindo de Neves no sentido Estrela do Norte pela Rua Doutor Francisco Portela dever\u00e3o acessar a Rua Magistrado Francisco de Assis Fonseca e utilizar a faixa revers\u00edvel pela Avenida Presidente Kennedy at\u00e9 a Rua General Ant\u00f4nio Rodrigues.<\/p>\n\n\n\n<p>Ficar\u00e1 proibido o estacionamento de ve\u00edculos nas ruas mencionadas durante todo o per\u00edodo de realiza\u00e7\u00e3o do desfile. Os ve\u00edculos que estiverem estacionados em desacordo estar\u00e3o sujeitos a remo\u00e7\u00e3o conforme previsto no Art. 181 do C\u00f3digo de Tr\u00e2nsito Brasileiro (CTB).<\/p>\n\n\n\n<p><strong><em><sup>S\u00e3o Gon\u00e7alo Vai Mudar. O Maior Portal da Cidade.<\/sup><\/em><\/strong><\/p>\n\n\n\n<figure class=\"wp-block-image size-full\"><img decoding=\"async\" width=\"251\" height=\"88\" src=\"https:\/\/sgvaimudar.com.br\/wp-content\/uploads\/2023\/08\/Logo.png\" alt=\"\" class=\"wp-image-2738\" \/><\/figure>\n","protected":false},"excerpt":{"rendered":"<p>Munic\u00edpio comemora 134 anos de emancipa\u00e7\u00e3o pol\u00edtico-administrativa Para marcar as comemora\u00e7\u00f5es pelos 134 anos de emancipa\u00e7\u00e3o pol\u00edtico-administrativa de S\u00e3o Gon\u00e7alo,&hellip;<\/p>\n","protected":false},"author":5,"featured_media":12296,"comment_status":"open","ping_status":"open","sticky":false,"template":"","format":"standard","meta":{"fifu_image_url":"","fifu_image_alt":"","footnotes":""},"categories":[3],"tags":[],"class_list":["post-12294","post","type-post","status-publish","format-standard","has-post-thumbnail","hentry","category-sao-goncalo"],"_links":{"self":[{"href":"https:\/\/sgvaimudar.com.br\/index.php\/wp-json\/wp\/v2\/posts\/12294","targetHints":{"allow":["GET"]}}],"collection":[{"href":"https:\/\/sgvaimudar.com.br\/index.php\/wp-json\/wp\/v2\/posts"}],"about":[{"href":"https:\/\/sgvaimudar.com.br\/index.php\/wp-json\/wp\/v2\/types\/post"}],"author":[{"embeddable":true,"href":"https:\/\/sgvaimudar.com.br\/index.php\/wp-json\/wp\/v2\/users\/5"}],"replies":[{"embeddable":true,"href":"https:\/\/sgvaimudar.com.br\/index.php\/wp-json\/wp\/v2\/comments?post=12294"}],"version-history":[{"count":1,"href":"https:\/\/sgvaimudar.com.br\/index.php\/wp-json\/wp\/v2\/posts\/12294\/revisions"}],"predecessor-version":[{"id":12297,"href":"https:\/\/sgvaimudar.com.br\/index.php\/wp-json\/wp\/v2\/posts\/12294\/revisions\/12297"}],"wp:featuredmedia":[{"embeddable":true,"href":"https:\/\/sgvaimudar.com.br\/index.php\/wp-json\/wp\/v2\/media\/12296"}],"wp:attachment":[{"href":"https:\/\/sgvaimudar.com.br\/index.php\/wp-json\/wp\/v2\/media?parent=12294"}],"wp:term":[{"taxonomy":"category","embeddable":true,"href":"https:\/\/sgvaimudar.com.br\/index.php\/wp-json\/wp\/v2\/categories?post=12294"},{"taxonomy":"post_tag","embeddable":true,"href":"https:\/\/sgvaimudar.com.br\/index.php\/wp-json\/wp\/v2\/tags?post=12294"}],"curies":[{"name":"wp","href":"https:\/\/api.w.org\/{rel}","templated":true}]}}