{"id":12252,"date":"2024-09-20T10:28:43","date_gmt":"2024-09-20T13:28:43","guid":{"rendered":"https:\/\/sgvaimudar.com.br\/?p=12252"},"modified":"2024-09-20T10:32:54","modified_gmt":"2024-09-20T13:32:54","slug":"sgvm-eleicoes-2024-batalha-pela-prefeitura-de-sao-goncalo-pega-fogo","status":"publish","type":"post","link":"https:\/\/sgvaimudar.com.br\/index.php\/2024\/09\/20\/sgvm-eleicoes-2024-batalha-pela-prefeitura-de-sao-goncalo-pega-fogo\/","title":{"rendered":"SGVM Elei\u00e7\u00f5es 2024: Batalha pela Prefeitura de S\u00e3o Gon\u00e7alo pega fogo"},"content":{"rendered":"\n<p><em>Os candidatos(as)\u00a0Jaqueline Pedroza (Novo),\u00a0Viviane Carvalho (PMN),\u00a0Reginaldo Afonso\u00a0(PSTU),\u00a0Professor Josemar (Psol),\u00a0Dimas Gadelha (PT)\u00a0e\u00a0Capit\u00e3o Nelson (PL)\u00a0gravaram para pod cast, v\u00eddeos, andaram nas ruas e participaram de reuni\u00f5es para levarem as suas propostas aos eleitores<\/em><\/p>\n\n\n\n<figure class=\"wp-block-image size-full is-resized\"><img fetchpriority=\"high\" decoding=\"async\" width=\"374\" height=\"432\" src=\"https:\/\/sgvaimudar.com.br\/wp-content\/uploads\/2024\/09\/pedroza-7.jpg\" alt=\"\" class=\"wp-image-12258\" style=\"aspect-ratio:0.8657407407407407;width:693px;height:auto\" srcset=\"https:\/\/sgvaimudar.com.br\/wp-content\/uploads\/2024\/09\/pedroza-7.jpg 374w, https:\/\/sgvaimudar.com.br\/wp-content\/uploads\/2024\/09\/pedroza-7-260x300.jpg 260w\" sizes=\"(max-width: 374px) 100vw, 374px\" \/><\/figure>\n\n\n\n<p>A reta final da campanha em S\u00e3o Gon\u00e7alo est\u00e1 pegando fogo. Jaqueline Pedroza do Novo, aceitou convite do podcast raiz de S\u00e3o Gon\u00e7alo\u00a0e no bate-papo falou das necessidades da cidade, sobre propostas e projetos que prometem mudar o dia a dia do cidad\u00e3o gon\u00e7alense.<\/p>\n\n\n\n<p>&#8220;Por mais honestidade e compet\u00eancia na pol\u00edtica, por mais respeito ao gon\u00e7alense e com apoio do deputado Federal e embaixador nacional do partido Novo, Deltan Dallagnol, vamos seguindo firme rumo a uma S\u00e3o Gon\u00e7alo livre da velha pol\u00edtica&#8221;, disse ela.<\/p>\n\n\n\n<figure class=\"wp-block-image size-full is-resized\"><img decoding=\"async\" width=\"249\" height=\"318\" src=\"https:\/\/sgvaimudar.com.br\/wp-content\/uploads\/2024\/09\/vivi-6.jpg\" alt=\"\" class=\"wp-image-12259\" style=\"aspect-ratio:0.7830188679245284;width:693px;height:auto\" srcset=\"https:\/\/sgvaimudar.com.br\/wp-content\/uploads\/2024\/09\/vivi-6.jpg 249w, https:\/\/sgvaimudar.com.br\/wp-content\/uploads\/2024\/09\/vivi-6-235x300.jpg 235w\" sizes=\"(max-width: 249px) 100vw, 249px\" \/><\/figure>\n\n\n\n<p>A candidata do PMN, Viviane Carvalho, nesta quinta-feira (19), levou a sua caminhada para o Jardim Catarina. Na ocasi\u00e3o, a onda pink andou at\u00e9 ao Albino conversando com os moradores e compartilhando as sua propostas.<\/p>\n\n\n\n<p>Segundo a candidata, durante a caminhada nas ruas, ouviu muitos relatos dos agentes de sa\u00fade e de endemias que, mesmo realizando um trabalho essencial nas casas, ainda enfrentam grandes desafios e falta de valoriza\u00e7\u00e3o.<\/p>\n\n\n\n<p>&#8220;Pensando nisso, lan\u00e7amos o Projeto Valoriza Agente, que tem como objetivo criar grupos de trabalho para discutir as necessidades b\u00e1sicas desses profissionais: equipamentos, infraestrutura, log\u00edstica e capacita\u00e7\u00e3o&#8221;, afirmou Viviane.<\/p>\n\n\n\n<p>De acordo com ela, esses agentes est\u00e3o na linha de frente de campanhas fundamentais para a sa\u00fade. &#8220;Chegou a hora de garantir o respeito e as condi\u00e7\u00f5es adequadas para que possam seguir desempenhando esse trabalho de excel\u00eancia&#8221;, disse Carvalho.<\/p>\n\n\n\n<figure class=\"wp-block-image size-large\"><img decoding=\"async\" width=\"963\" height=\"1024\" src=\"https:\/\/sgvaimudar.com.br\/wp-content\/uploads\/2024\/09\/WhatsApp-Image-2024-09-19-at-16.59.48-963x1024.jpeg\" alt=\"\" class=\"wp-image-12254\" srcset=\"https:\/\/sgvaimudar.com.br\/wp-content\/uploads\/2024\/09\/WhatsApp-Image-2024-09-19-at-16.59.48-963x1024.jpeg 963w, https:\/\/sgvaimudar.com.br\/wp-content\/uploads\/2024\/09\/WhatsApp-Image-2024-09-19-at-16.59.48-282x300.jpeg 282w, https:\/\/sgvaimudar.com.br\/wp-content\/uploads\/2024\/09\/WhatsApp-Image-2024-09-19-at-16.59.48-768x816.jpeg 768w, https:\/\/sgvaimudar.com.br\/wp-content\/uploads\/2024\/09\/WhatsApp-Image-2024-09-19-at-16.59.48.jpeg 970w\" sizes=\"(max-width: 963px) 100vw, 963px\" \/><\/figure>\n\n\n\n<p>O candidato do PSTU, Reginaldo Afonso, na manh\u00e3 desta quinta-feira, 19\/09, fez caminhada e panfletagem, conversando com eleitores no bairro do Arsenal.<\/p>\n\n\n\n<p>\u201cS\u00e3o Gon\u00e7alo \u00e9 uma cidade marcada pela car\u00eancia nos servi\u00e7os p\u00fablicos. Os trabalhadores com quem conversamos aqui no Arsenal carecem de Unidades de Educa\u00e7\u00e3o Infantil, de unidades de sa\u00fade, tanto b\u00e1sicas quanto de alta complexidade, de um transporte mais eficiente&#8221;, disse Reginaldo.<\/p>\n\n\n\n<p>Ele disse que dialogou com os trabalhadores e apresentou seu programa. &#8220;Para investir em servi\u00e7os p\u00fablicos em S\u00e3o Gon\u00e7alo, ser\u00e1 preciso romper com a chamada \u2018responsabilidade fiscal\u2019, parar de pagar e auditar a d\u00edvida p\u00fablica do munic\u00edpio, parar de dar isen\u00e7\u00f5es de impostos para os grandes empres\u00e1rios. Desse jeito, haver\u00e1 recursos para investir naquilo que a popula\u00e7\u00e3o mais precisa: sa\u00fade, educa\u00e7\u00e3o, moradia digna, saneamento, transporte, etc.\u201d, declarou o candidato.<\/p>\n\n\n\n<p>Sobre a agenda de Reginaldo, nesta sexta-feira (20), ele vai estar \u00e0s 6h30, com caminhada no bairro de Nova Cidade e 12h fazendo panfletagem na pra\u00e7a do Rodo, no Centro. No s\u00e1bado (21), \u00e0s 13h tem almo\u00e7o com a candidata \u00e0 prefeitura de Niter\u00f3i, Danielle Bornia, no bairro de Santa Rosa, Niter\u00f3i. E, no domingo (22), \u00e0s 10h, faz panfletagem e caminhada no Centro, durante ato c\u00edvico de anivers\u00e1rio da cidade.<\/p>\n\n\n\n<figure class=\"wp-block-image size-large\"><img loading=\"lazy\" decoding=\"async\" width=\"1024\" height=\"683\" src=\"https:\/\/sgvaimudar.com.br\/wp-content\/uploads\/2024\/09\/WhatsApp-Image-2024-09-19-at-17.29.42-1024x683.jpeg\" alt=\"\" class=\"wp-image-12253\" srcset=\"https:\/\/sgvaimudar.com.br\/wp-content\/uploads\/2024\/09\/WhatsApp-Image-2024-09-19-at-17.29.42-1024x683.jpeg 1024w, https:\/\/sgvaimudar.com.br\/wp-content\/uploads\/2024\/09\/WhatsApp-Image-2024-09-19-at-17.29.42-300x200.jpeg 300w, https:\/\/sgvaimudar.com.br\/wp-content\/uploads\/2024\/09\/WhatsApp-Image-2024-09-19-at-17.29.42-768x512.jpeg 768w, https:\/\/sgvaimudar.com.br\/wp-content\/uploads\/2024\/09\/WhatsApp-Image-2024-09-19-at-17.29.42.jpeg 1280w\" sizes=\"(max-width: 1024px) 100vw, 1024px\" \/><\/figure>\n\n\n\n<p>Um grupo de apoiadores caminhou com o candidato a prefeito de S\u00e3o Gon\u00e7alo Professor Josemar, da federa\u00e7\u00e3o PSOL-Rede, nesta quinta-feira, percorrendo as ruas de Rio do Ouro e Arsenal. No percurso, o prefeit\u00e1vel falou sobre o seu programa de incentivo ao esporte para a juventude gon\u00e7alense.<\/p>\n\n\n\n<p>\u201cTemos compromisso com a constru\u00e7\u00e3o de quadras poliesportivas em muitos pontos da cidade e programas para incentivar a nossa juventude \u00e0 pr\u00e1tica de esporte. Vamos ampliar o Programa Aux\u00edlio Atleta Gon\u00e7alense, que sofre com falta de verbas e pouca estimula os muitos jovens com potencial para o atletismo\u201d, disse Professor Josemar.<\/p>\n\n\n\n<p>De acordo com o candidato, sua agenda nesta sexta-feira (20) ter\u00e1, \u00e0s 10h, uma caminhada no Centro de S\u00e3o Gon\u00e7alo, \u00e0s 16h, panfletagem nas Barcas e \u00e0s 20h, no bairro Trindade.<\/p>\n\n\n\n<figure class=\"wp-block-image size-full is-resized\"><img loading=\"lazy\" decoding=\"async\" width=\"283\" height=\"408\" src=\"https:\/\/sgvaimudar.com.br\/wp-content\/uploads\/2024\/09\/dimas-6.jpg\" alt=\"\" class=\"wp-image-12260\" style=\"aspect-ratio:0.6936274509803921;width:693px;height:auto\" srcset=\"https:\/\/sgvaimudar.com.br\/wp-content\/uploads\/2024\/09\/dimas-6.jpg 283w, https:\/\/sgvaimudar.com.br\/wp-content\/uploads\/2024\/09\/dimas-6-208x300.jpg 208w\" sizes=\"(max-width: 283px) 100vw, 283px\" \/><\/figure>\n\n\n\n<p>O candidato do PT, Dimas Gadelha, gravou v\u00eddeo de campanha em Itabora\u00ed para falar do futuro do transporte p\u00fablico. Segundo ele, S\u00e3o Gon\u00e7alo vai ter Tarifa Zero como j\u00e1 acontece na cidade.<\/p>\n\n\n\n<p>&#8220;Vamos garantir o transporte gratuito para nossos cidad\u00e3os. Tenho compromisso com o desenvolvimento da nossa cidade e estou pronto para fazer essa ideia virar realidade. Vamos transformar S\u00e3o Gon\u00e7alo em um lugar mais acess\u00edvel, com transporte gratuito, eficiente e de qualidade para todos. Chegou a hora de sonhar com uma cidade onde ningu\u00e9m fique para tr\u00e1s. O Tarifa Zero \u00e9 mais do que economia no bolso, \u00e9 dignidade e mobilidade para nossa popula\u00e7\u00e3o&#8221;, afirmou o candidato \u00e0 Prefeitura de S\u00e3o Gon\u00e7alo petista.<\/p>\n\n\n\n<figure class=\"wp-block-image size-large\"><img loading=\"lazy\" decoding=\"async\" width=\"1024\" height=\"684\" src=\"https:\/\/sgvaimudar.com.br\/wp-content\/uploads\/2024\/09\/unnamed-2-7-1024x684.jpg\" alt=\"\" class=\"wp-image-12261\" srcset=\"https:\/\/sgvaimudar.com.br\/wp-content\/uploads\/2024\/09\/unnamed-2-7-1024x684.jpg 1024w, https:\/\/sgvaimudar.com.br\/wp-content\/uploads\/2024\/09\/unnamed-2-7-300x200.jpg 300w, https:\/\/sgvaimudar.com.br\/wp-content\/uploads\/2024\/09\/unnamed-2-7-768x513.jpg 768w, https:\/\/sgvaimudar.com.br\/wp-content\/uploads\/2024\/09\/unnamed-2-7-1536x1027.jpg 1536w, https:\/\/sgvaimudar.com.br\/wp-content\/uploads\/2024\/09\/unnamed-2-7.jpg 1616w\" sizes=\"(max-width: 1024px) 100vw, 1024px\" \/><\/figure>\n\n\n\n<p>O candidato do PL, Capit\u00e3o Nelson (PL), nesta quinta-feira (19), seguiu com sua agenda de compromissos de governo e reuni\u00f5es pol\u00edticas pelo munic\u00edpio. Na \u00faltima quarta-feira (18), o atual prefeito participou de tr\u00eas reuni\u00f5es junto a candidatos a vereador e eleitores, sendo duas delas no Jardim Catarina e outra, em Santa Luzia.<\/p>\n\n\n\n<p>Capit\u00e3o Nelson falou sobre aten\u00e7\u00e3o \u00e0 sa\u00fade da mulher no munic\u00edpio e a import\u00e2ncia do tratamento e diagn\u00f3sticos feitos com celeridade, sem a necessidade de sair da cidade para realizar exames. O candidato \u00e0 reelei\u00e7\u00e3o como prefeito destacou a entrega da nova Cl\u00ednica Municipal Gon\u00e7alense do Coluband\u00ea e das cl\u00ednicas da Lagoinha e de Neves, que est\u00e3o em fase de constru\u00e7\u00e3o, para ampliar o atendimento \u00e0 popula\u00e7\u00e3o.<\/p>\n\n\n\n<p>\u201cNo in\u00edcio do governo eu peguei uma fila com oito mil mulheres aguardando para fazer mamografia! Gente, quanto mais demorado \u00e9 o diagn\u00f3stico, mais demorado \u00e9 o tratamento e a\u00ed, diminuem as possibilidades de cura, \u00e9 complicado. T\u00ednhamos que agilizar isso! Estou providenciando quatro tom\u00f3grafos e quatro mam\u00f3grafos para serem instalados nas novas cl\u00ednicas gon\u00e7alenses. Temos que ter esses diagn\u00f3sticos o mais r\u00e1pido poss\u00edvel\u201d, disse o candidato a reelei\u00e7\u00e3o.<\/p>\n\n\n\n<p>Ainda em sua fala sobre a sa\u00fade, Capit\u00e3o falou das obras do novo hospital municipal que ser\u00e1 entregue. A unidade de sa\u00fade vai ampliar a capacidade de atendimentos m\u00e9dicos na cidade, bem como a realiza\u00e7\u00e3o de cirurgias.<\/p>\n\n\n\n<p>Nas ocasi\u00f5es, Capit\u00e3o foi aos encontros acompanhado do deputado estadual Douglas Ruas e do deputado federal Altineu C\u00f4rtes.<\/p>\n\n\n\n<p><strong><em><sup>S\u00e3o Gon\u00e7alo Vai Mudar. O Maior Portal da Cidade.<\/sup><\/em><\/strong><\/p>\n\n\n\n<figure class=\"wp-block-image size-full\"><img loading=\"lazy\" decoding=\"async\" width=\"250\" height=\"87\" src=\"https:\/\/sgvaimudar.com.br\/wp-content\/uploads\/2023\/08\/cropped-Logo.png\" alt=\"\" class=\"wp-image-2739\" \/><\/figure>\n","protected":false},"excerpt":{"rendered":"<p>Os candidatos(as)\u00a0Jaqueline Pedroza (Novo),\u00a0Viviane Carvalho (PMN),\u00a0Reginaldo Afonso\u00a0(PSTU),\u00a0Professor Josemar (Psol),\u00a0Dimas Gadelha (PT)\u00a0e\u00a0Capit\u00e3o Nelson (PL)\u00a0gravaram para pod cast, v\u00eddeos, andaram nas ruas&hellip;<\/p>\n","protected":false},"author":5,"featured_media":12262,"comment_status":"open","ping_status":"open","sticky":false,"template":"","format":"standard","meta":{"fifu_image_url":"","fifu_image_alt":"","footnotes":""},"categories":[3],"tags":[],"class_list":["post-12252","post","type-post","status-publish","format-standard","has-post-thumbnail","hentry","category-sao-goncalo"],"_links":{"self":[{"href":"https:\/\/sgvaimudar.com.br\/index.php\/wp-json\/wp\/v2\/posts\/12252","targetHints":{"allow":["GET"]}}],"collection":[{"href":"https:\/\/sgvaimudar.com.br\/index.php\/wp-json\/wp\/v2\/posts"}],"about":[{"href":"https:\/\/sgvaimudar.com.br\/index.php\/wp-json\/wp\/v2\/types\/post"}],"author":[{"embeddable":true,"href":"https:\/\/sgvaimudar.com.br\/index.php\/wp-json\/wp\/v2\/users\/5"}],"replies":[{"embeddable":true,"href":"https:\/\/sgvaimudar.com.br\/index.php\/wp-json\/wp\/v2\/comments?post=12252"}],"version-history":[{"count":4,"href":"https:\/\/sgvaimudar.com.br\/index.php\/wp-json\/wp\/v2\/posts\/12252\/revisions"}],"predecessor-version":[{"id":12266,"href":"https:\/\/sgvaimudar.com.br\/index.php\/wp-json\/wp\/v2\/posts\/12252\/revisions\/12266"}],"wp:featuredmedia":[{"embeddable":true,"href":"https:\/\/sgvaimudar.com.br\/index.php\/wp-json\/wp\/v2\/media\/12262"}],"wp:attachment":[{"href":"https:\/\/sgvaimudar.com.br\/index.php\/wp-json\/wp\/v2\/media?parent=12252"}],"wp:term":[{"taxonomy":"category","embeddable":true,"href":"https:\/\/sgvaimudar.com.br\/index.php\/wp-json\/wp\/v2\/categories?post=12252"},{"taxonomy":"post_tag","embeddable":true,"href":"https:\/\/sgvaimudar.com.br\/index.php\/wp-json\/wp\/v2\/tags?post=12252"}],"curies":[{"name":"wp","href":"https:\/\/api.w.org\/{rel}","templated":true}]}}