{"id":12220,"date":"2024-09-19T15:00:00","date_gmt":"2024-09-19T18:00:00","guid":{"rendered":"https:\/\/sgvaimudar.com.br\/?p=12220"},"modified":"2024-09-19T10:08:38","modified_gmt":"2024-09-19T13:08:38","slug":"zelo-com-a-cidade-acoes-de-paisagismo-sao-iniciadas-em-trechos-do-novo-corredor-viario","status":"publish","type":"post","link":"https:\/\/sgvaimudar.com.br\/index.php\/2024\/09\/19\/zelo-com-a-cidade-acoes-de-paisagismo-sao-iniciadas-em-trechos-do-novo-corredor-viario\/","title":{"rendered":"Zelo com a cidade: a\u00e7\u00f5es de paisagismo s\u00e3o iniciadas em trechos do novo corredor vi\u00e1rio"},"content":{"rendered":"\n<p><em>Canteiros que dividem as pistas recebem centenas de mudas de \u00e1rvores de Neves ao Centro<\/em><\/p>\n\n\n\n<p>A Prefeitura de S\u00e3o Gon\u00e7alo, plantou centenas de mudas de variadas esp\u00e9cies de \u00e1rvores nos trechos 1, 2 e 3 no maior projeto de mobilidade urbana da cidade, o Muvi (Mobilidade Urbana Verde Integrada).<\/p>\n\n\n\n<p>Nesta quarta-feira (18), v\u00e1rias mudas de Ip\u00ea, Escumilha, Ac\u00e1cia e Sibipiruna foram plantadas na Avenida Presidente Kennedy, no Centro, pr\u00f3ximo ao Espa\u00e7o Salvatori, que faz parte do trecho 3. O objetivo, segundo o Executivo, \u00e9 que sejam plantadas mais de 1.200 mudas de \u00e1rvores e arbustos at\u00e9 o final na obra.<\/p>\n\n\n\n<figure class=\"wp-block-image size-full\"><img fetchpriority=\"high\" decoding=\"async\" width=\"1024\" height=\"683\" src=\"https:\/\/sgvaimudar.com.br\/wp-content\/uploads\/2024\/09\/unnamed-18.jpg\" alt=\"\" class=\"wp-image-12221\" srcset=\"https:\/\/sgvaimudar.com.br\/wp-content\/uploads\/2024\/09\/unnamed-18.jpg 1024w, https:\/\/sgvaimudar.com.br\/wp-content\/uploads\/2024\/09\/unnamed-18-300x200.jpg 300w, https:\/\/sgvaimudar.com.br\/wp-content\/uploads\/2024\/09\/unnamed-18-768x512.jpg 768w\" sizes=\"(max-width: 1024px) 100vw, 1024px\" \/><\/figure>\n\n\n\n<p>Quem passa pelas ruas que cortam os bairros de Neves at\u00e9 o Centro, entre as quais a Jaime Figueiredo, Fontes, Maur\u00edcio de Abreu, Alberto Torres e Avenida Presidente Kennedy, j\u00e1 consegue ver o resultado dessas a\u00e7\u00f5es de paisagismo e interven\u00e7\u00f5es urban\u00edsticas, observando espa\u00e7os mais verdes, limpos, coloridos e preservados.<\/p>\n\n\n\n<p>\u00c1reas antes degradadas agora se transformam, com pistas amplas, bem sinalizadas, ciclovia e novas cal\u00e7adas, como a rua Maur\u00edcio de Abreu, que passou de via secund\u00e1ria a principal corredor vi\u00e1rio sentido Centro. Todo o trecho do novo corredor vi\u00e1rio est\u00e1 recebendo redes de drenagem, para facilitar o escoamento das \u00e1guas de chuva e conter os alagamentos cr\u00f4nicos da cidade.<\/p>\n\n\n\n<p>O plantio das \u00e1rvores vem sendo feito em um trabalho conjunto que conta com a Secretaria de Estado das Cidades, do Governo do Estado, e a Secretaria de Conserva\u00e7\u00e3o da Prefeitura de S\u00e3o Gon\u00e7alo. Al\u00e9m das mudas, a Prefeitura, por exemplo, tamb\u00e9m vem realizando o replantio de palmeiras que foram retiradas no in\u00edcio das obras.<\/p>\n\n\n\n<p>As obras do Muvi s\u00e3o executadas atrav\u00e9s da Secretaria de Estado das Cidades, em parceria com a Prefeitura de S\u00e3o Gon\u00e7alo. O projeto prev\u00ea a cria\u00e7\u00e3o de um novo corredor vi\u00e1rio, com pistas preferenciais de \u00f4nibus e ciclovia, ligando o bairro de Neves a Guaxindiba, trecho onde s\u00e3o previstas v\u00e1rias interven\u00e7\u00f5es urban\u00edsticas e de paisagismo. Com investimento de R$ R$ 287 milh\u00f5es, o corredor ter\u00e1 32 esta\u00e7\u00f5es e 18 quil\u00f4metros de extens\u00e3o.<\/p>\n\n\n\n<p><em><sup><strong>S\u00e3o Gon\u00e7alo Vai Mudar. O Maior Portal da Cidade.<\/strong><\/sup><\/em><\/p>\n\n\n\n<figure class=\"wp-block-image size-large\"><img decoding=\"async\" width=\"1024\" height=\"321\" src=\"https:\/\/sgvaimudar.com.br\/wp-content\/uploads\/2023\/08\/cropped-Logo-Provisoria-2-1024x321.png\" alt=\"\" class=\"wp-image-2778\" srcset=\"https:\/\/sgvaimudar.com.br\/wp-content\/uploads\/2023\/08\/cropped-Logo-Provisoria-2-1024x321.png 1024w, https:\/\/sgvaimudar.com.br\/wp-content\/uploads\/2023\/08\/cropped-Logo-Provisoria-2-300x94.png 300w, https:\/\/sgvaimudar.com.br\/wp-content\/uploads\/2023\/08\/cropped-Logo-Provisoria-2-768x240.png 768w, https:\/\/sgvaimudar.com.br\/wp-content\/uploads\/2023\/08\/cropped-Logo-Provisoria-2-1536x481.png 1536w, https:\/\/sgvaimudar.com.br\/wp-content\/uploads\/2023\/08\/cropped-Logo-Provisoria-2-2048x641.png 2048w\" sizes=\"(max-width: 1024px) 100vw, 1024px\" \/><\/figure>\n","protected":false},"excerpt":{"rendered":"<p>Canteiros que dividem as pistas recebem centenas de mudas de \u00e1rvores de Neves ao Centro A Prefeitura de S\u00e3o Gon\u00e7alo,&hellip;<\/p>\n","protected":false},"author":5,"featured_media":12222,"comment_status":"open","ping_status":"open","sticky":false,"template":"","format":"standard","meta":{"fifu_image_url":"","fifu_image_alt":"","footnotes":""},"categories":[3],"tags":[],"class_list":["post-12220","post","type-post","status-publish","format-standard","has-post-thumbnail","hentry","category-sao-goncalo"],"_links":{"self":[{"href":"https:\/\/sgvaimudar.com.br\/index.php\/wp-json\/wp\/v2\/posts\/12220","targetHints":{"allow":["GET"]}}],"collection":[{"href":"https:\/\/sgvaimudar.com.br\/index.php\/wp-json\/wp\/v2\/posts"}],"about":[{"href":"https:\/\/sgvaimudar.com.br\/index.php\/wp-json\/wp\/v2\/types\/post"}],"author":[{"embeddable":true,"href":"https:\/\/sgvaimudar.com.br\/index.php\/wp-json\/wp\/v2\/users\/5"}],"replies":[{"embeddable":true,"href":"https:\/\/sgvaimudar.com.br\/index.php\/wp-json\/wp\/v2\/comments?post=12220"}],"version-history":[{"count":1,"href":"https:\/\/sgvaimudar.com.br\/index.php\/wp-json\/wp\/v2\/posts\/12220\/revisions"}],"predecessor-version":[{"id":12223,"href":"https:\/\/sgvaimudar.com.br\/index.php\/wp-json\/wp\/v2\/posts\/12220\/revisions\/12223"}],"wp:featuredmedia":[{"embeddable":true,"href":"https:\/\/sgvaimudar.com.br\/index.php\/wp-json\/wp\/v2\/media\/12222"}],"wp:attachment":[{"href":"https:\/\/sgvaimudar.com.br\/index.php\/wp-json\/wp\/v2\/media?parent=12220"}],"wp:term":[{"taxonomy":"category","embeddable":true,"href":"https:\/\/sgvaimudar.com.br\/index.php\/wp-json\/wp\/v2\/categories?post=12220"},{"taxonomy":"post_tag","embeddable":true,"href":"https:\/\/sgvaimudar.com.br\/index.php\/wp-json\/wp\/v2\/tags?post=12220"}],"curies":[{"name":"wp","href":"https:\/\/api.w.org\/{rel}","templated":true}]}}