{"id":12199,"date":"2024-09-19T08:30:01","date_gmt":"2024-09-19T11:30:01","guid":{"rendered":"https:\/\/sgvaimudar.com.br\/?p=12199"},"modified":"2024-09-19T08:30:02","modified_gmt":"2024-09-19T11:30:02","slug":"vitinho-descarta-sentimento-de-lamento-apos-empate-do-botafogo-com-sao-paulo-fizemos-um-bom-jogo","status":"publish","type":"post","link":"https:\/\/sgvaimudar.com.br\/index.php\/2024\/09\/19\/vitinho-descarta-sentimento-de-lamento-apos-empate-do-botafogo-com-sao-paulo-fizemos-um-bom-jogo\/","title":{"rendered":"Vitinho descarta sentimento de lamento ap\u00f3s empate do Botafogo com S\u00e3o Paulo: \u2018Fizemos um bom jogo\u2019"},"content":{"rendered":"\n<p> <p class=\"MsoNoSpacing\">Um dos melhores em campo, o lateral-direito Vitinho\u00a0descartou um sentimento de lamenta\u00e7\u00e3o com o empate do Botafogo\u00a0com o S\u00e3o Paulo\u00a0em 0 a 0 nesta quarta-feira, no Est\u00e1dio Nilton Santos, no primeiro jogo das quartas de final da Libertadores.<span style=\"font-size: revert\"> <\/span><\/p><p class=\"MsoNoSpacing\" style=\"line-height: inherit\">\u2013 N\u00e3o [tem gosto de lamento]. \u00c9 claro temos que fazer o gol, mas n\u00e3o saiu. Agora \u00e9 descansar, pensar no s\u00e1bado, temos o jogo do campeonato l\u00e1. Fizemos um bom jogo, mas infelizmente n\u00e3o fizemos o gol. Agora \u00e9 trabalhar para ganhar o jogo l\u00e1 \u2013 disse Vitinho ap\u00f3s a partida em entrevista.<\/p><\/p>\n\n\n\n<p>Botafogo e S\u00e3o Paulo voltam a se enfrentar na pr\u00f3xima quarta-feira, no Morumbis. Antes, o Glorioso tem cl\u00e1ssico contra o Fluminense, s\u00e1bado, no Maracan\u00e3, defendendo a lideran\u00e7a do Campeonato Brasileiro.<\/p>\n\n\n\n<p><strong><em><sup>S\u00e3o Gon\u00e7alo Vai Mudar. O Maior Porta da Cidade.<\/sup><\/em><\/strong><\/p>\n\n\n\n<figure class=\"wp-block-image size-full\"><img decoding=\"async\" width=\"251\" height=\"88\" src=\"https:\/\/sgvaimudar.com.br\/wp-content\/uploads\/2023\/08\/Logo.png\" alt=\"\" class=\"wp-image-2738\" \/><\/figure>\n\n\n\n<p> <p class=\"MsoNoSpacing\">\u00a0<\/p> <\/p>\n","protected":false},"excerpt":{"rendered":"<p>Um dos melhores em campo, o lateral-direito Vitinho\u00a0descartou um sentimento de lamenta\u00e7\u00e3o com o empate do Botafogo\u00a0com o S\u00e3o Paulo\u00a0em&hellip;<\/p>\n","protected":false},"author":5,"featured_media":12200,"comment_status":"open","ping_status":"open","sticky":false,"template":"","format":"standard","meta":{"fifu_image_url":"","fifu_image_alt":"","footnotes":""},"categories":[5],"tags":[],"class_list":["post-12199","post","type-post","status-publish","format-standard","has-post-thumbnail","hentry","category-esportes"],"_links":{"self":[{"href":"https:\/\/sgvaimudar.com.br\/index.php\/wp-json\/wp\/v2\/posts\/12199","targetHints":{"allow":["GET"]}}],"collection":[{"href":"https:\/\/sgvaimudar.com.br\/index.php\/wp-json\/wp\/v2\/posts"}],"about":[{"href":"https:\/\/sgvaimudar.com.br\/index.php\/wp-json\/wp\/v2\/types\/post"}],"author":[{"embeddable":true,"href":"https:\/\/sgvaimudar.com.br\/index.php\/wp-json\/wp\/v2\/users\/5"}],"replies":[{"embeddable":true,"href":"https:\/\/sgvaimudar.com.br\/index.php\/wp-json\/wp\/v2\/comments?post=12199"}],"version-history":[{"count":1,"href":"https:\/\/sgvaimudar.com.br\/index.php\/wp-json\/wp\/v2\/posts\/12199\/revisions"}],"predecessor-version":[{"id":12201,"href":"https:\/\/sgvaimudar.com.br\/index.php\/wp-json\/wp\/v2\/posts\/12199\/revisions\/12201"}],"wp:featuredmedia":[{"embeddable":true,"href":"https:\/\/sgvaimudar.com.br\/index.php\/wp-json\/wp\/v2\/media\/12200"}],"wp:attachment":[{"href":"https:\/\/sgvaimudar.com.br\/index.php\/wp-json\/wp\/v2\/media?parent=12199"}],"wp:term":[{"taxonomy":"category","embeddable":true,"href":"https:\/\/sgvaimudar.com.br\/index.php\/wp-json\/wp\/v2\/categories?post=12199"},{"taxonomy":"post_tag","embeddable":true,"href":"https:\/\/sgvaimudar.com.br\/index.php\/wp-json\/wp\/v2\/tags?post=12199"}],"curies":[{"name":"wp","href":"https:\/\/api.w.org\/{rel}","templated":true}]}}