{"id":12186,"date":"2024-09-18T15:00:00","date_gmt":"2024-09-18T18:00:00","guid":{"rendered":"https:\/\/sgvaimudar.com.br\/?p=12186"},"modified":"2024-09-18T10:55:24","modified_gmt":"2024-09-18T13:55:24","slug":"otavio-almeida-canta-cauby-na-noite-de-hoje-no-teatro-da-uff-em-niteroi","status":"publish","type":"post","link":"https:\/\/sgvaimudar.com.br\/index.php\/2024\/09\/18\/otavio-almeida-canta-cauby-na-noite-de-hoje-no-teatro-da-uff-em-niteroi\/","title":{"rendered":"Ot\u00e1vio Almeida canta Cauby na noite de hoje no Teatro da UFF, em Niter\u00f3i"},"content":{"rendered":"\n<p>O Teatro da UFF, na Rua Miguel de Frias, em Icara\u00ed, na Zona Sul de Niter\u00f3i, ser\u00e1 palco nesta quarta-feira, (18\/9), \u00e0s 19h, para o tributo: &#8220;Ot\u00e1vio Almeida canta Cauby&#8221;. <\/p>\n\n\n\n<p>Segundo os organizadores, a apresenta\u00e7\u00e3o ser\u00e1 um evento especial que revisita os maiores sucessos de Cauby Peixoto interpretados pela voz talentosa de Ot\u00e1vio Almeida. <\/p>\n\n\n\n<p>&#8220;O Teatro da UFF, situado em Niter\u00f3i, cidade natal de Cauby, ser\u00e1 o cen\u00e1rio perfeito para essa homenagem&#8221;, comemorou o cantor. Cauby Peixoto, nascido em Santa Rosa e iniciado na m\u00fasica ainda jovem no Col\u00e9gio de Padres Salesianos e na igreja local, teve uma carreira brilhante que come\u00e7ou no final da d\u00e9cada de 1940.<\/p>\n\n\n\n<p><strong>Sobre Ot\u00e1vio Almeida<br><\/strong>Ot\u00e1vio Almeida cresceu em um ambiente musical vibrante, explorando desde as serestas<br>de Orlando Silva at\u00e9 o jazz de Ella Fitzgerald. Sua jornada musical come\u00e7ou nas rodas<br>de seresta do \u201cCasar\u00e3o 37\u201d em Laranjeiras e se expandiu para o coral Villa Lobos no<br>Instituto Cultural Brasil \u2013 Estados Unidos (ICEBEU), sob a reg\u00eancia de Tal\u00edta Hasson.<br>Almeida se destacou em eventos como o \u201cNatal do Amanh\u00e3\u201d no Campo de S\u00e3o Bento e projetos como \u201cMarazul\u201d e \u201cChoro na Rua\u201d. Recentemente, ele participou da cerim\u00f4nia que homenageou Cauby Peixoto como Patrim\u00f4nio Cultural Carioca no Pal\u00e1cio da Cidade, em 30 de abril de 2024.<\/p>\n\n\n\n<p><strong>Servi\u00e7o:<br><\/strong>Data: 18 de setembro (quarta-feira). <\/p>\n\n\n\n<p>Hor\u00e1rio: 19h<br>Local: Teatro da UFF<br>Endere\u00e7o: Rua Miguel de Frias, 9, Icara\u00ed, Niter\u00f3i<br>Produ\u00e7\u00e3o: Robert Freitas<br>Ingressos: R$40 (inteira) \/ R$20 (meia)<br>Dura\u00e7\u00e3o: 90 minutos<br>Classifica\u00e7\u00e3o: Livre.<\/p>\n\n\n\n<p><strong><em><sup>S\u00e3o Gon\u00e7alo Vai Mudar. O Maior Portal da Cidade.<\/sup><\/em><\/strong><\/p>\n\n\n\n<figure class=\"wp-block-image size-large\"><img fetchpriority=\"high\" decoding=\"async\" width=\"1024\" height=\"321\" src=\"https:\/\/sgvaimudar.com.br\/wp-content\/uploads\/2023\/08\/cropped-Logo-Provisoria-2-1024x321.png\" alt=\"\" class=\"wp-image-2778\" srcset=\"https:\/\/sgvaimudar.com.br\/wp-content\/uploads\/2023\/08\/cropped-Logo-Provisoria-2-1024x321.png 1024w, https:\/\/sgvaimudar.com.br\/wp-content\/uploads\/2023\/08\/cropped-Logo-Provisoria-2-300x94.png 300w, https:\/\/sgvaimudar.com.br\/wp-content\/uploads\/2023\/08\/cropped-Logo-Provisoria-2-768x240.png 768w, https:\/\/sgvaimudar.com.br\/wp-content\/uploads\/2023\/08\/cropped-Logo-Provisoria-2-1536x481.png 1536w, https:\/\/sgvaimudar.com.br\/wp-content\/uploads\/2023\/08\/cropped-Logo-Provisoria-2-2048x641.png 2048w\" sizes=\"(max-width: 1024px) 100vw, 1024px\" \/><\/figure>\n","protected":false},"excerpt":{"rendered":"<p>O Teatro da UFF, na Rua Miguel de Frias, em Icara\u00ed, na Zona Sul de Niter\u00f3i, ser\u00e1 palco nesta quarta-feira,&hellip;<\/p>\n","protected":false},"author":5,"featured_media":12187,"comment_status":"open","ping_status":"open","sticky":false,"template":"","format":"standard","meta":{"fifu_image_url":"","fifu_image_alt":"","footnotes":""},"categories":[6],"tags":[],"class_list":["post-12186","post","type-post","status-publish","format-standard","has-post-thumbnail","hentry","category-entretenimento"],"_links":{"self":[{"href":"https:\/\/sgvaimudar.com.br\/index.php\/wp-json\/wp\/v2\/posts\/12186","targetHints":{"allow":["GET"]}}],"collection":[{"href":"https:\/\/sgvaimudar.com.br\/index.php\/wp-json\/wp\/v2\/posts"}],"about":[{"href":"https:\/\/sgvaimudar.com.br\/index.php\/wp-json\/wp\/v2\/types\/post"}],"author":[{"embeddable":true,"href":"https:\/\/sgvaimudar.com.br\/index.php\/wp-json\/wp\/v2\/users\/5"}],"replies":[{"embeddable":true,"href":"https:\/\/sgvaimudar.com.br\/index.php\/wp-json\/wp\/v2\/comments?post=12186"}],"version-history":[{"count":1,"href":"https:\/\/sgvaimudar.com.br\/index.php\/wp-json\/wp\/v2\/posts\/12186\/revisions"}],"predecessor-version":[{"id":12188,"href":"https:\/\/sgvaimudar.com.br\/index.php\/wp-json\/wp\/v2\/posts\/12186\/revisions\/12188"}],"wp:featuredmedia":[{"embeddable":true,"href":"https:\/\/sgvaimudar.com.br\/index.php\/wp-json\/wp\/v2\/media\/12187"}],"wp:attachment":[{"href":"https:\/\/sgvaimudar.com.br\/index.php\/wp-json\/wp\/v2\/media?parent=12186"}],"wp:term":[{"taxonomy":"category","embeddable":true,"href":"https:\/\/sgvaimudar.com.br\/index.php\/wp-json\/wp\/v2\/categories?post=12186"},{"taxonomy":"post_tag","embeddable":true,"href":"https:\/\/sgvaimudar.com.br\/index.php\/wp-json\/wp\/v2\/tags?post=12186"}],"curies":[{"name":"wp","href":"https:\/\/api.w.org\/{rel}","templated":true}]}}