{"id":12175,"date":"2024-09-18T11:00:00","date_gmt":"2024-09-18T14:00:00","guid":{"rendered":"https:\/\/sgvaimudar.com.br\/?p=12175"},"modified":"2024-09-18T10:35:14","modified_gmt":"2024-09-18T13:35:14","slug":"eleicoes-2024-campanhas-em-sao-goncalo-entram-na-reta-final","status":"publish","type":"post","link":"https:\/\/sgvaimudar.com.br\/index.php\/2024\/09\/18\/eleicoes-2024-campanhas-em-sao-goncalo-entram-na-reta-final\/","title":{"rendered":"Elei\u00e7\u00f5es 2024: Campanhas em S\u00e3o Gon\u00e7alo entram na reta final"},"content":{"rendered":"\n<p>Os prefeit\u00e1veis de S\u00e3o Gon\u00e7alo, Viviane Carvalho (PMN), Jaqueline Pedroza (Novo), Reginaldo Afonso (PSTU), Professor Josemar (Psol), Dimas Gadelha (PT) e Capit\u00e3o Nelson (PL) realizaram diversas atividades de campanha, perto de acontecer o 1\u00ba turno. <\/p>\n\n\n\n<p>A candidata do PMN, Viviane Carvalho, esteve fazendo corpo a corpo nesta ter\u00e7a-feira (17), no bairro do Patronato. Na ocasi\u00e3o, ela falou do seu projeto: Meu Pet Saud\u00e1vel, que promete transformar a vida dos animais e de suas fam\u00edlias.<\/p>\n\n\n\n<p>&#8220;Vamos criar grupos de apoio e acolhimento para pets cujos tutores n\u00e3o t\u00eam condi\u00e7\u00f5es de oferecer os cuidados necess\u00e1rios. Al\u00e9m disso, nossas a\u00e7\u00f5es de ado\u00e7\u00e3o e castra\u00e7\u00e3o ser\u00e3o fundamentais para reduzir o abandono e garantir um lar seguro para cada um desses animaizinhos&#8221;, disse a candidata do PMN.<\/p>\n\n\n\n<p>A caminhada no Mutu\u00e1 de Viviane foi cheia de energia e uni\u00e3o. Durante entrevista para um Po Cast, Viviane Carvalho expressou\u00a0sua descren\u00e7a nas pesquisas eleitorais. Ela afirmou que, em tr\u00eas elei\u00e7\u00f5es nas quais participou, os resultados sempre divergiram das previs\u00f5es. <\/p>\n\n\n\n<p>&#8220;Questiono a precis\u00e3o dos levantamentos e observo que, em uma cidade com 600 mil eleitores, entrevistar apenas 800 pessoas n\u00e3o faz sentido matematicamente&#8221;, afirmou Viviane.<\/p>\n\n\n\n<figure class=\"wp-block-image size-full is-resized\"><img fetchpriority=\"high\" decoding=\"async\" width=\"437\" height=\"438\" src=\"https:\/\/sgvaimudar.com.br\/wp-content\/uploads\/2024\/09\/pedroza-5.jpg\" alt=\"\" class=\"wp-image-12177\" style=\"aspect-ratio:0.997716894977169;width:693px;height:auto\" srcset=\"https:\/\/sgvaimudar.com.br\/wp-content\/uploads\/2024\/09\/pedroza-5.jpg 437w, https:\/\/sgvaimudar.com.br\/wp-content\/uploads\/2024\/09\/pedroza-5-300x300.jpg 300w, https:\/\/sgvaimudar.com.br\/wp-content\/uploads\/2024\/09\/pedroza-5-150x150.jpg 150w\" sizes=\"(max-width: 437px) 100vw, 437px\" \/><\/figure>\n\n\n\n<p>Apesar do imbr\u00f3glio na Justi\u00e7a eleitoral, que negou o registro da candidatura de Jaqueline Pedroza, ela segue com a sua agenda. Na tarde desta ter\u00e7a-feira (17), ela participou de uma entrevista em um peri\u00f3dico niteroiense. Em suas redes sociais ela falou sobre a oportunidade.<\/p>\n\n\n\n<p>&#8220;A convite de A Tribuna participei de uma entrevista muito produtiva, onde falamos sobre a realidade do dia a dias dos gon\u00e7alenses, sobre propostas e sobre a vis\u00e3o do partido Novo&#8221;, disse Pedroza.<\/p>\n\n\n\n<p>Segundo ela, para se construirmos um futuro produtivo, pr\u00f3spero e seguro, \u00e9 preciso cuidar do hoje, do agora. &#8220;Gratid\u00e3o primeiramente a Deus por todos os benef\u00edcios que me tem feito. Parabenizo e agrade\u00e7o toda equipe do\u00a0jornal por todo profissionalismo e gentileza prestados a mim e a minha equipe&#8221;, afirmou a candidata do Novo.<\/p>\n\n\n\n<p>Segundo o Juiz da 135\u00aa Zona Eleitoral, a sigla decidira inicialmente que n\u00e3o lan\u00e7aria nenhum candidato e depois em 12 de agosto, ap\u00f3s o prazo legal fez outra conven\u00e7\u00e3o lan\u00e7ando chapa com candidata e vice.<\/p>\n\n\n\n<p>No recurso ao TRE o novo argumentou que havia o prazo at\u00e9 15 de agosto para registro das candidaturas e a uma jurisprud\u00eancia do TSE que permite a escolha de candidatos neste per\u00edodo. Ent\u00e3o o relator do processo o desembargador Fernando Marques de Campos Cabral Filho deferiu o recurso.<\/p>\n\n\n\n<figure class=\"wp-block-image size-full is-resized\"><img decoding=\"async\" width=\"437\" height=\"273\" src=\"https:\/\/sgvaimudar.com.br\/wp-content\/uploads\/2024\/09\/regina.jpg\" alt=\"\" class=\"wp-image-12178\" style=\"aspect-ratio:1.6007326007326008;width:693px;height:auto\" srcset=\"https:\/\/sgvaimudar.com.br\/wp-content\/uploads\/2024\/09\/regina.jpg 437w, https:\/\/sgvaimudar.com.br\/wp-content\/uploads\/2024\/09\/regina-300x187.jpg 300w\" sizes=\"(max-width: 437px) 100vw, 437px\" \/><\/figure>\n\n\n\n<p>O candidato \u00e0 prefeitura de S\u00e3o Gon\u00e7alo do PSTU, Reginaldo Afonso, de 27 anos, que trabalha na Amendoeira e mora em Santa Isabel, fez uma postagem como militante do movimento negro e sindical e disse que n\u00e3o se conforma como a classe trabalhadora \u00e9 maltratada pelos governos dos ricos no sistema capitalista. <\/p>\n\n\n\n<p>&#8220;N\u00e3o aceito a desvaloriza\u00e7\u00e3o dos sal\u00e1rios, a carestia, a pol\u00edtica de privatiza\u00e7\u00e3o dos Correios, da \u00e1gua, da luz, que piorou os servi\u00e7os e aumentou o valor das contas, a privatiza\u00e7\u00e3o e precariedade da educa\u00e7\u00e3o e da sa\u00fade, o desemprego, o p\u00e9ssimo transporte p\u00fablico na cidade&#8221;, escreveu na postagem. <\/p>\n\n\n\n<p>Ele disse que tudo isso \u00e9 responsabilidade de todos os governos anteriores, inclusive o atual governo de Nelson Ruas. &#8220;S\u00e3o Gon\u00e7alo \u00e9 uma cidade majoritariamente negra (57%, IBGE) e tem sido a cidade da precariedade, com trabalhadores camel\u00f4s e de aplicativos com jornadas de mais 15 horas di\u00e1rias sem folga ou v\u00e1rios direitos&#8221;, disse Reginaldo.<\/p>\n\n\n\n<p>O candidato do PSTU disse que sua candidatura se p\u00f5e a servi\u00e7o dos trabalhadores, dos setores oprimidos, do povo pobre e preto das periferias, fazendo oposi\u00e7\u00e3o de esquerda aos governos de Nelson Ruas, Cl\u00e1udio Castro e Lula. <\/p>\n\n\n\n<p>&#8220;Me candidatei para dialogar sobre os principais problemas que afligem o povo pobre gon\u00e7alense, priorizando atender suas principais necessidades, com a proposta dos trabalhadores governar em apoiados em conselhos populares&#8221;, afirmou Reginaldo.<br>Ele, nesta quarta-feira (18), \u00e0s 9h, fez panfletagem e caminhada no bairro de Neves e \u00e0s 11h, gravou v\u00eddeo para campanha eleitoral.<\/p>\n\n\n\n<p>Nesta quinta-feira (19), \u00e0s 10h, Reginaldo, faz panfletagem e caminhada no bairro do Arsenal. J\u00e1 \u00e0s 15h, participa de reuni\u00e3o com correligion\u00e1rios e apoiadores em Alc\u00e2ntara. Na pr\u00f3xima sexta (20), \u00e0s 6h30, ele caminhada no bairro de Nova Cidade e \u00e0s 12h, faz panfletagem na pra\u00e7a do Rodo, no Centro da cidade.<\/p>\n\n\n\n<figure class=\"wp-block-image size-full is-resized\"><img decoding=\"async\" width=\"286\" height=\"460\" src=\"https:\/\/sgvaimudar.com.br\/wp-content\/uploads\/2024\/09\/josema.jpg\" alt=\"\" class=\"wp-image-12179\" style=\"aspect-ratio:0.6217391304347826;width:693px;height:auto\" srcset=\"https:\/\/sgvaimudar.com.br\/wp-content\/uploads\/2024\/09\/josema.jpg 286w, https:\/\/sgvaimudar.com.br\/wp-content\/uploads\/2024\/09\/josema-187x300.jpg 187w\" sizes=\"(max-width: 286px) 100vw, 286px\" \/><\/figure>\n\n\n\n<p>O candidato do Psol, Professor Josemar, nesta ter\u00e7a-feira (17) teve um e encontro com a juventude de S\u00e3o Gon\u00e7alo e com presen\u00e7a da deputada Dani Monteiro. Segundo Josemar, o encontro foi muito inspirador. <\/p>\n\n\n\n<p>&#8220;Juntos, discutimos as ideias e solu\u00e7\u00f5es para um futuro melhor para nossa cidade. A voz dos jovens \u00e9 fundamental para construirmos uma S\u00e3o Gon\u00e7alo mais inclusiva e inovadora&#8221;, afirmou o psolista.<\/p>\n\n\n\n<p>Na ocasi\u00e3o, ele falou com ser\u00e1 sua reforma administrativa. &#8220;Chega de velhas pr\u00e1ticas pol\u00edticas. Em vez dos velhos esquemas, os cargos de secret\u00e1rios ser\u00e3o escolhidos diretamente pela popula\u00e7\u00e3o em uma confer\u00eancia aberta.<\/p>\n\n\n\n<p>Professor Josemar realizou uma carreata, saindo da Pra\u00e7a da Covanca e seguindo at\u00e9 a feira de Alc\u00e2ntara e caminhou tamb\u00e9m por Vila Laje. &#8220;Conversamos com a comunidade sobre a import\u00e2ncia de valorizar nossos trabalhadores locais e recebemos apoio por onde passamos&#8221;, afirmou Josemar.<\/p>\n\n\n\n<figure class=\"wp-block-image size-full is-resized\"><img loading=\"lazy\" decoding=\"async\" width=\"290\" height=\"209\" src=\"https:\/\/sgvaimudar.com.br\/wp-content\/uploads\/2024\/09\/dimas-5.jpg\" alt=\"\" class=\"wp-image-12180\" style=\"aspect-ratio:1.38755980861244;width:693px;height:auto\" \/><\/figure>\n\n\n\n<p>O candidato do PT \u00e0 Prefeitura de S\u00e3o Gon\u00e7alo, Dimas Gadelha, teve em sua caminhada no Alc\u00e2ntara o apoio do eterno presidente e deputado Federal, Eduardo Bandeira de Mello.<\/p>\n\n\n\n<p>&#8220;Al\u00f4 Na\u00e7\u00e3o Rubro Negra estou aqui em S\u00e3o Gon\u00e7alo para declarar o meu apoio a candidatura de Dimas Gadelha 13. Assim, vamos colocar S\u00e3o Gon\u00e7alo em &#8216;Outro Patamar'&#8221;, disse Bandeira de Mello.<\/p>\n\n\n\n<p>Nos encontros com os jovens Dimas andou explicando como vai funcionar o Projeto Bolsa Universit\u00e1ria. &#8220;Ser\u00e1 um ganho para nossa popula\u00e7\u00e3o Assim como em Maric\u00e1, a prefeitura custear\u00e1 bolsas em universidades para os jovens Gon\u00e7alenses. S\u00e3o Gon\u00e7alo merece muito mais oportunidades para os nossos jovens&#8221;, afirmou o candidato petista.<\/p>\n\n\n\n<p>Para outro jovem eleitor Dimas falou da felicidade em poder compartilhar os seus projetos. &#8220;O nosso plano de governo foi elaborado pelo povo gon\u00e7alense, um programa de governo participativo, feito por voc\u00ea e para voc\u00ea. Nos pr\u00f3ximos dias vamos explicando no espa\u00e7o da TV e aqui nas nossas redes para contar para voc\u00eas tudo que pretendemos fazer por S\u00e3o Gon\u00e7alo&#8221;, afirmou o candidato do PT.<\/p>\n\n\n\n<figure class=\"wp-block-image size-large is-resized\"><img loading=\"lazy\" decoding=\"async\" width=\"1024\" height=\"684\" src=\"https:\/\/sgvaimudar.com.br\/wp-content\/uploads\/2024\/09\/unnamed-2-6-1024x684.jpg\" alt=\"\" class=\"wp-image-12181\" style=\"aspect-ratio:1.4970760233918128;width:693px;height:auto\" srcset=\"https:\/\/sgvaimudar.com.br\/wp-content\/uploads\/2024\/09\/unnamed-2-6-1024x684.jpg 1024w, https:\/\/sgvaimudar.com.br\/wp-content\/uploads\/2024\/09\/unnamed-2-6-300x200.jpg 300w, https:\/\/sgvaimudar.com.br\/wp-content\/uploads\/2024\/09\/unnamed-2-6-768x513.jpg 768w, https:\/\/sgvaimudar.com.br\/wp-content\/uploads\/2024\/09\/unnamed-2-6-1536x1027.jpg 1536w, https:\/\/sgvaimudar.com.br\/wp-content\/uploads\/2024\/09\/unnamed-2-6.jpg 1616w\" sizes=\"(max-width: 1024px) 100vw, 1024px\" \/><\/figure>\n\n\n\n<p><\/p>\n\n\n\n<p>Nesta ter\u00e7a-feira (17), Capit\u00e3o Nelson (PL) seguiu a sua agenda de compromissos de governo e durante a noite participa de reuni\u00f5es com candidatos a vereador. Nem mesmo a chuva que chegou junto com a frente fria na cidade de S\u00e3o Gon\u00e7alo foi suficiente para afastar os eleitores das grandes reuni\u00f5es que contaram com a presen\u00e7a de Capit\u00e3o Nelson na noite da \u00faltima segunda-feira (16). <\/p>\n\n\n\n<p>Os encontros foram realizados por candidatos a vereador nos bairros Estrela do Norte, Centro e Bandeirantes. O candidato \u00e0 reelei\u00e7\u00e3o como prefeito de S\u00e3o Gon\u00e7alo foi acompanhado do deputado estadual Douglas Ruas nas reuni\u00f5es e relembrou o in\u00edcio da caminhada pol\u00edtica ap\u00f3s anos trabalhando pela cidade como policial militar.<\/p>\n\n\n\n<p>\u201cEm 2004 me candidatei a vereador e tive quatro mandatos, sempre trabalhando em favor das pessoas de bem, com respeito ao cidad\u00e3o e, acima de tudo, com honestidade. A gente mostrou que quando a gente quer, a gente consegue fazer\u201d, disse Capit\u00e3o Nelson.<\/p>\n\n\n\n<p>O reconhecimento da popula\u00e7\u00e3o em rela\u00e7\u00e3o \u00e0s entregas realizadas por Capit\u00e3o Nelson foi pontuado nas reuni\u00f5es.<\/p>\n\n\n\n<p>\u201cN\u00f3s n\u00e3o t\u00ednhamos problemas em uma \u00fanica \u00e1rea; n\u00f3s encontramos uma terra arrasada. Educa\u00e7\u00e3o, sa\u00fade, infraestrutura. Todas essas \u00e1reas precisavam de aten\u00e7\u00e3o. Passados tr\u00eas anos e oito meses, a gente anda de cabe\u00e7a erguida pelas ruas da cidade e recebe o reconhecimento da nossa popula\u00e7\u00e3o, que entende que S\u00e3o Gon\u00e7alo vem avan\u00e7ando muito nas diversas \u00e1reas\u201d, disse o deputado estadual Douglas Ruas, que tamb\u00e9m falou sobre os investimentos que foram realizados na gest\u00e3o do atual prefeito Capit\u00e3o Nelson.<\/p>\n\n\n\n<p>Durante a noite desta ter\u00e7a-feira (17), Capit\u00e3o Nelson participou de reuni\u00f5es junto a apoiadores e eleitores.<\/p>\n\n\n\n<p><strong><em><sup>S\u00e3o Gon\u00e7alo Vai Mudar. O Maior Portal da Cidade.<\/sup><\/em><\/strong><\/p>\n\n\n\n<figure class=\"wp-block-image size-full\"><img loading=\"lazy\" decoding=\"async\" width=\"250\" height=\"87\" src=\"https:\/\/sgvaimudar.com.br\/wp-content\/uploads\/2023\/08\/cropped-Logo.png\" alt=\"\" class=\"wp-image-2739\" \/><\/figure>\n","protected":false},"excerpt":{"rendered":"<p>Os prefeit\u00e1veis de S\u00e3o Gon\u00e7alo, Viviane Carvalho (PMN), Jaqueline Pedroza (Novo), Reginaldo Afonso (PSTU), Professor Josemar (Psol), Dimas Gadelha (PT)&hellip;<\/p>\n","protected":false},"author":5,"featured_media":12176,"comment_status":"open","ping_status":"open","sticky":false,"template":"","format":"standard","meta":{"fifu_image_url":"","fifu_image_alt":"","footnotes":""},"categories":[3],"tags":[],"class_list":["post-12175","post","type-post","status-publish","format-standard","has-post-thumbnail","hentry","category-sao-goncalo"],"_links":{"self":[{"href":"https:\/\/sgvaimudar.com.br\/index.php\/wp-json\/wp\/v2\/posts\/12175","targetHints":{"allow":["GET"]}}],"collection":[{"href":"https:\/\/sgvaimudar.com.br\/index.php\/wp-json\/wp\/v2\/posts"}],"about":[{"href":"https:\/\/sgvaimudar.com.br\/index.php\/wp-json\/wp\/v2\/types\/post"}],"author":[{"embeddable":true,"href":"https:\/\/sgvaimudar.com.br\/index.php\/wp-json\/wp\/v2\/users\/5"}],"replies":[{"embeddable":true,"href":"https:\/\/sgvaimudar.com.br\/index.php\/wp-json\/wp\/v2\/comments?post=12175"}],"version-history":[{"count":1,"href":"https:\/\/sgvaimudar.com.br\/index.php\/wp-json\/wp\/v2\/posts\/12175\/revisions"}],"predecessor-version":[{"id":12182,"href":"https:\/\/sgvaimudar.com.br\/index.php\/wp-json\/wp\/v2\/posts\/12175\/revisions\/12182"}],"wp:featuredmedia":[{"embeddable":true,"href":"https:\/\/sgvaimudar.com.br\/index.php\/wp-json\/wp\/v2\/media\/12176"}],"wp:attachment":[{"href":"https:\/\/sgvaimudar.com.br\/index.php\/wp-json\/wp\/v2\/media?parent=12175"}],"wp:term":[{"taxonomy":"category","embeddable":true,"href":"https:\/\/sgvaimudar.com.br\/index.php\/wp-json\/wp\/v2\/categories?post=12175"},{"taxonomy":"post_tag","embeddable":true,"href":"https:\/\/sgvaimudar.com.br\/index.php\/wp-json\/wp\/v2\/tags?post=12175"}],"curies":[{"name":"wp","href":"https:\/\/api.w.org\/{rel}","templated":true}]}}