{"id":12168,"date":"2024-09-18T08:33:46","date_gmt":"2024-09-18T11:33:46","guid":{"rendered":"https:\/\/sgvaimudar.com.br\/?p=12168"},"modified":"2024-09-18T08:33:46","modified_gmt":"2024-09-18T11:33:46","slug":"justica-eleitoral-decide-que-aparecida-panisset-esta-inelegivel","status":"publish","type":"post","link":"https:\/\/sgvaimudar.com.br\/index.php\/2024\/09\/18\/justica-eleitoral-decide-que-aparecida-panisset-esta-inelegivel\/","title":{"rendered":"Justi\u00e7a Eleitoral decide que Aparecida Panisset est\u00e1 ineleg\u00edvel"},"content":{"rendered":"\n<p><em>A decis\u00e3o menciona a suspens\u00e3o dos direitos pol\u00edticos de Panisset devido a outros processos com condena\u00e7\u00f5es transitadas em julgado<\/em><\/p>\n\n\n\n<p>Ap\u00f3s o Minist\u00e9rio P\u00fablico Eleitoral (MPE) do Rio de Janeiro solicitar a impugna\u00e7\u00e3o do registro de candidatura de Maria Aparecida Panisset (PDT) ao cargo de vice-prefeita na chapa de Dimas Gadelha em S\u00e3o Gon\u00e7alo, a Justi\u00e7a Eleitoral decidiu na segunda-feira (16), que a candidata est\u00e1 ineleg\u00edvel para o pleito. A decis\u00e3o menciona a suspens\u00e3o dos direitos pol\u00edticos de Panisset devido a outros processos com condena\u00e7\u00f5es transitadas em julgado.<\/p>\n\n\n\n<p>Em 14 de agosto deste ano, o rob\u00f4 de Intelig\u00eancia Artificial implementado pelo Minist\u00e9rio P\u00fablico do Estado (MPE-RJ) detectou que a candidata possui quatro condena\u00e7\u00f5es, com tr\u00e2nsito em julgado, por improbidade administrativa. <\/p>\n\n\n\n<p>Como resultado dessas condena\u00e7\u00f5es, seus direitos pol\u00edticos est\u00e3o suspensos por per\u00edodos de tr\u00eas e cinco anos, conforme estipulado pelo artigo 20 da Lei n\u00ba 8.429\/92. Al\u00e9m disso, a ferramenta revelou uma condena\u00e7\u00e3o adicional proferida pela 3\u00aa Vara C\u00edvel de S\u00e3o Gon\u00e7alo, que a torna ineleg\u00edvel por oito anos devido a danos ao patrim\u00f4nio p\u00fablico e enriquecimento il\u00edcito, com a inelegibilidade se estendendo at\u00e9 2031.<\/p>\n\n\n\n<p>Um trecho do documento expedido pelo Tribunal Superior Eleitoral (TSE) afirma que &#8220;ela estaria com os seus direitos pol\u00edticos suspensos, seria ineleg\u00edvel, teria contas reprovadas no Tribunal de Contas do Estado (TCE) e n\u00e3o teria filia\u00e7\u00e3o partid\u00e1ria no prazo legal&#8221;.<\/p>\n\n\n\n<p>Na decis\u00e3o do juiz eleitoral Antonio Marreiros da Silva Melo, \u00e9 dito que &#8220;a impugnada n\u00e3o est\u00e1 quite com a Justi\u00e7a Eleitoral porque seus direitos pol\u00edticos est\u00e3o suspensos por improbidade administrativa, n\u00e3o podendo exercer o voto ou regularizar sua situa\u00e7\u00e3o eleitoral enquanto durar o impedimento&#8221;.<\/p>\n\n\n\n<p>Panisset foi procurada, mas assim como o PDT e o presidente Nacional da legenda, Carlos Lupi, ela preferiu o sil\u00eancio.<\/p>\n\n\n\n<figure class=\"wp-block-image size-full\"><img decoding=\"async\" width=\"250\" height=\"87\" src=\"https:\/\/sgvaimudar.com.br\/wp-content\/uploads\/2023\/08\/cropped-Logo.png\" alt=\"\" class=\"wp-image-2739\" \/><\/figure>\n","protected":false},"excerpt":{"rendered":"<p>A decis\u00e3o menciona a suspens\u00e3o dos direitos pol\u00edticos de Panisset devido a outros processos com condena\u00e7\u00f5es transitadas em julgado Ap\u00f3s&hellip;<\/p>\n","protected":false},"author":5,"featured_media":10059,"comment_status":"open","ping_status":"open","sticky":false,"template":"","format":"standard","meta":{"fifu_image_url":"","fifu_image_alt":"","footnotes":""},"categories":[3],"tags":[],"class_list":["post-12168","post","type-post","status-publish","format-standard","has-post-thumbnail","hentry","category-sao-goncalo"],"_links":{"self":[{"href":"https:\/\/sgvaimudar.com.br\/index.php\/wp-json\/wp\/v2\/posts\/12168","targetHints":{"allow":["GET"]}}],"collection":[{"href":"https:\/\/sgvaimudar.com.br\/index.php\/wp-json\/wp\/v2\/posts"}],"about":[{"href":"https:\/\/sgvaimudar.com.br\/index.php\/wp-json\/wp\/v2\/types\/post"}],"author":[{"embeddable":true,"href":"https:\/\/sgvaimudar.com.br\/index.php\/wp-json\/wp\/v2\/users\/5"}],"replies":[{"embeddable":true,"href":"https:\/\/sgvaimudar.com.br\/index.php\/wp-json\/wp\/v2\/comments?post=12168"}],"version-history":[{"count":1,"href":"https:\/\/sgvaimudar.com.br\/index.php\/wp-json\/wp\/v2\/posts\/12168\/revisions"}],"predecessor-version":[{"id":12169,"href":"https:\/\/sgvaimudar.com.br\/index.php\/wp-json\/wp\/v2\/posts\/12168\/revisions\/12169"}],"wp:featuredmedia":[{"embeddable":true,"href":"https:\/\/sgvaimudar.com.br\/index.php\/wp-json\/wp\/v2\/media\/10059"}],"wp:attachment":[{"href":"https:\/\/sgvaimudar.com.br\/index.php\/wp-json\/wp\/v2\/media?parent=12168"}],"wp:term":[{"taxonomy":"category","embeddable":true,"href":"https:\/\/sgvaimudar.com.br\/index.php\/wp-json\/wp\/v2\/categories?post=12168"},{"taxonomy":"post_tag","embeddable":true,"href":"https:\/\/sgvaimudar.com.br\/index.php\/wp-json\/wp\/v2\/tags?post=12168"}],"curies":[{"name":"wp","href":"https:\/\/api.w.org\/{rel}","templated":true}]}}