{"id":12159,"date":"2024-09-17T18:00:00","date_gmt":"2024-09-17T21:00:00","guid":{"rendered":"https:\/\/sgvaimudar.com.br\/?p=12159"},"modified":"2024-09-17T10:34:09","modified_gmt":"2024-09-17T13:34:09","slug":"claudio-castro-cria-forca-tarefa-para-investigar-e-punir-responsaveis-por-incendios-criminosos","status":"publish","type":"post","link":"https:\/\/sgvaimudar.com.br\/index.php\/2024\/09\/17\/claudio-castro-cria-forca-tarefa-para-investigar-e-punir-responsaveis-por-incendios-criminosos\/","title":{"rendered":"Cl\u00e1udio Castro cria For\u00e7a-Tarefa para investigar e punir respons\u00e1veis por inc\u00eandios criminosos"},"content":{"rendered":"\n<p><em>Durante reuni\u00e3o do Gabinete de Crise, governador tamb\u00e9m anunciou a realiza\u00e7\u00e3o de a\u00e7\u00f5es para monitorar a venda de \u00e1gua, realizada por carros-pipa<\/em><\/p>\n\n\n\n<p>O governador Cl\u00e1udio Castro instituiu nesta segunda-feira (16\/09) uma For\u00e7a-Tarefa composta pelas pol\u00edcias Militar e Civil, Detro, GSI e Secretaria de Fazenda para intensificar as investiga\u00e7\u00f5es sobre inc\u00eandios criminosos e ainda regular a venda feita por carros-pipa.<\/p>\n\n\n\n<p>Com o monitoramento da comercializa\u00e7\u00e3o de \u00e1gua, o governo quer evitar aumentos abusivos de pre\u00e7o, devido \u00e0 estiagem que colocou em estado de alerta os sistemas de abastecimento de Mangaratiba, Maca\u00e9, Imunana-Laranjal e Acari.<\/p>\n\n\n\n<p>O an\u00fancio foi feito durante reuni\u00e3o do Gabinete de Crise, focada no controle dos inc\u00eandios florestais. Segundo o governador, mais de 20 suspeitos de envolvimento em queimadas criminosas j\u00e1 foram identificados pela Pol\u00edcia Civil e est\u00e3o sob investiga\u00e7\u00e3o.<\/p>\n\n\n\n<p>\u00a0&#8211; \u00c9 crucial que tenhamos uma resposta firme contra os inc\u00eandios criminosos. Precisamos identificar e punir os respons\u00e1veis, pois est\u00e3o se aproveitando da situa\u00e7\u00e3o clim\u00e1tica para realizar queimadas intencionais. Enquanto isso, estamos cuidando da popula\u00e7\u00e3o. Fornecendo carros-pipas para as \u00e1reas afetadas pela estiagem e combatendo os poucos focos de inc\u00eandios que ainda existem &#8211; declarou Cl\u00e1udio Castro.<\/p>\n\n\n\n<p><strong>Plano de conting\u00eancia para enfrentamento da estiagem<\/strong><br>Por determina\u00e7\u00e3o do governador, ser\u00e3o disponibilizados carros-pipa para as regi\u00f5es afetadas, priorizando escolas, creches e hospitais. A For\u00e7a-Tarefa tamb\u00e9m ser\u00e1 respons\u00e1vel por monitorar e evitar a eleva\u00e7\u00e3o dos pre\u00e7os de venda de \u00e1gua.<\/p>\n\n\n\n<p>Em raz\u00e3o da seca, os sistemas de abastecimento de Mangaratiba, Maca\u00e9, Imunana-Laranjal e Acari est\u00e3o em alerta. O sistema Imunana-Laranjal, que atende cerca de dois milh\u00f5es de pessoas na regi\u00e3o Metropolitana 2, opera com 90% da capacidade. As cidades afetadas incluem S\u00e3o Gon\u00e7alo, Niter\u00f3i, Itabora\u00ed, parte de Maric\u00e1 e a Ilha de Paquet\u00e1, no Rio de Janeiro.<\/p>\n\n\n\n<p>As represas do Sistema Acari (Tingu\u00e1, Xer\u00e9m, Rio D\u2019Ouro, S\u00e3o Pedro e Mantiquira), que abastecem parte da Baixada Fluminense, enfrentam estiagem hist\u00f3rica. As unidades captam \u00e1gua em mananciais menores, cuja disponibilidade depende diretamente do volume de chuvas para garantir a opera\u00e7\u00e3o total do sistema. <\/p>\n\n\n\n<p>A concession\u00e1ria \u00c1guas do Rio, respons\u00e1vel pela rede de distribui\u00e7\u00e3o na regi\u00e3o afetada, realiza manobras para direcionamento da \u00e1gua do Sistema Guandu &#8211; que opera com 100% da capacidade &#8211; para as localidades atendidas.\u00a0<\/p>\n\n\n\n<p>Para melhorar o fornecimento de \u00e1gua, o Governo do Estado, junto com a Secretaria do Ambiente e Sustentabilidade, Cedae e concession\u00e1rias da regi\u00e3o, realiza obras emergenciais.<\/p>\n\n\n\n<p>Entre as interven\u00e7\u00f5es est\u00e3o o desassoreamento do Canal de Imunana, respons\u00e1vel pela capta\u00e7\u00e3o de \u00e1gua, e a instala\u00e7\u00e3o de bombas abaixo da Barragem do Rio Macacu, para aumentar a oferta de \u00e1gua para tratamento.<\/p>\n\n\n\n<p><strong>Atua\u00e7\u00e3o do Gabinete de Crise no combate a inc\u00eandios florestais<\/strong><br>Desde a cria\u00e7\u00e3o do Gabinete de Crise, na \u00faltima quinta-feira (12\/09), o Governo do Estado j\u00e1 combateu 1.280 inc\u00eandios florestais. Na manh\u00e3 desta segunda-feira (16\/09), havia nove focos ativos sendo enfrentados pelos bombeiros militares.<\/p>\n\n\n\n<p>Nos \u00faltimos dias, as aeronaves da corpora\u00e7\u00e3o lan\u00e7aram mais de 308 mil litros de \u00e1gua em opera\u00e7\u00f5es a\u00e9reas, totalizando 474 lan\u00e7amentos em mais de 60 horas de voo. Al\u00e9m disso, 34 guarda-parques do INEA participaram diretamente do combate \u00e0s chamas, com outros 65 em a\u00e7\u00f5es de monitoramento. O efetivo de combate foi ampliado de 273 para 380 agentes.<\/p>\n\n\n\n<p>Como medida de seguran\u00e7a, o governador determinou o fechamento de 40 unidades de conserva\u00e7\u00e3o, para proteger a popula\u00e7\u00e3o e concentrar esfor\u00e7os no combate aos inc\u00eandios.<\/p>\n\n\n\n<p>Participaram da reuni\u00e3o os secret\u00e1rios da Pol\u00edcia Militar, coronel Menezes, e da Pol\u00edcia Civil, Felipe Curi, al\u00e9m dos secret\u00e1rios de Meio Ambiente, Bernardo Rossi, de Defesa Civil, coronel Tarciso Ant\u00f4nio de Salles, de Economia e Energia do Mar, Rodrigo Abel, o secret\u00e1rio da Casa Civil, Nicola Miccione, e o presidente da Cedae, Aguinaldo Ballon.<\/p>\n\n\n\n<p><strong><em><sup>S\u00e3o Gon\u00e7alo Vai Mudar. O Maior Portal da Cidade.<\/sup><\/em><\/strong><\/p>\n\n\n\n<figure class=\"wp-block-image size-full\"><img decoding=\"async\" width=\"250\" height=\"87\" src=\"https:\/\/sgvaimudar.com.br\/wp-content\/uploads\/2023\/08\/cropped-Logo.png\" alt=\"\" class=\"wp-image-2739\" \/><\/figure>\n","protected":false},"excerpt":{"rendered":"<p>Durante reuni\u00e3o do Gabinete de Crise, governador tamb\u00e9m anunciou a realiza\u00e7\u00e3o de a\u00e7\u00f5es para monitorar a venda de \u00e1gua, realizada&hellip;<\/p>\n","protected":false},"author":5,"featured_media":12160,"comment_status":"open","ping_status":"open","sticky":false,"template":"","format":"standard","meta":{"fifu_image_url":"","fifu_image_alt":"","footnotes":""},"categories":[32],"tags":[],"class_list":["post-12159","post","type-post","status-publish","format-standard","has-post-thumbnail","hentry","category-casos-de-policia"],"_links":{"self":[{"href":"https:\/\/sgvaimudar.com.br\/index.php\/wp-json\/wp\/v2\/posts\/12159","targetHints":{"allow":["GET"]}}],"collection":[{"href":"https:\/\/sgvaimudar.com.br\/index.php\/wp-json\/wp\/v2\/posts"}],"about":[{"href":"https:\/\/sgvaimudar.com.br\/index.php\/wp-json\/wp\/v2\/types\/post"}],"author":[{"embeddable":true,"href":"https:\/\/sgvaimudar.com.br\/index.php\/wp-json\/wp\/v2\/users\/5"}],"replies":[{"embeddable":true,"href":"https:\/\/sgvaimudar.com.br\/index.php\/wp-json\/wp\/v2\/comments?post=12159"}],"version-history":[{"count":1,"href":"https:\/\/sgvaimudar.com.br\/index.php\/wp-json\/wp\/v2\/posts\/12159\/revisions"}],"predecessor-version":[{"id":12161,"href":"https:\/\/sgvaimudar.com.br\/index.php\/wp-json\/wp\/v2\/posts\/12159\/revisions\/12161"}],"wp:featuredmedia":[{"embeddable":true,"href":"https:\/\/sgvaimudar.com.br\/index.php\/wp-json\/wp\/v2\/media\/12160"}],"wp:attachment":[{"href":"https:\/\/sgvaimudar.com.br\/index.php\/wp-json\/wp\/v2\/media?parent=12159"}],"wp:term":[{"taxonomy":"category","embeddable":true,"href":"https:\/\/sgvaimudar.com.br\/index.php\/wp-json\/wp\/v2\/categories?post=12159"},{"taxonomy":"post_tag","embeddable":true,"href":"https:\/\/sgvaimudar.com.br\/index.php\/wp-json\/wp\/v2\/tags?post=12159"}],"curies":[{"name":"wp","href":"https:\/\/api.w.org\/{rel}","templated":true}]}}