{"id":12111,"date":"2024-09-16T17:00:00","date_gmt":"2024-09-16T20:00:00","guid":{"rendered":"https:\/\/sgvaimudar.com.br\/?p=12111"},"modified":"2024-09-16T11:09:59","modified_gmt":"2024-09-16T14:09:59","slug":"ancelotti-defende-vini-jr-por-comemoracao-normal-por-tudo-que-esta-passando","status":"publish","type":"post","link":"https:\/\/sgvaimudar.com.br\/index.php\/2024\/09\/16\/ancelotti-defende-vini-jr-por-comemoracao-normal-por-tudo-que-esta-passando\/","title":{"rendered":"Ancelotti defende Vini Jr por comemora\u00e7\u00e3o: &#8216;Normal por tudo que est\u00e1 passando&#8217;"},"content":{"rendered":"\n<p><em>T\u00e9cnico italiano v\u00ea excesso de ataques ao atacante brasileiro por parte de torcedores advers\u00e1rios<\/em><\/p>\n\n\n\n<p>O gon\u00e7alense Vini Jr. recebeu algumas cr\u00edticas na Espanha, como do ex-Real-Madrid, Predrag Mijatovic, pela comemora\u00e7\u00e3o do gol marcado no 2 a 0 sobre o Real Sociedad, no s\u00e1bado (14). Entretanto, o t\u00e9cnico Carlo Ancelotti saiu em defesa do brasileiro, que\u00a0respondeu aos xingamento da torcida advers\u00e1ria com o gesto de sil\u00eancio.<\/p>\n\n\n\n<p>&#8220;\u00c9 uma rea\u00e7\u00e3o a uma a\u00e7\u00e3o muito feia. Acontece frequentemente com ele, insultos desde o come\u00e7o do jogo e creio que ningu\u00e9m consegue aguentar, nem eu. Ele botar m\u00e3o na boca \u00e9 bastante normal por tudo que est\u00e1 passando. O que aconteceu com Vini nesses \u00faltimos anos \u00e9 algo que n\u00e3o se pode aguentar&#8221;, afirmou Ancelotti.<\/p>\n\n\n\n<p>O treinador italiano, ali\u00e1s,\u00a0pediu uma mudan\u00e7a de foco nas rea\u00e7\u00f5es de Vini Jr para os ataques que ele sofre\u00a0durante as partidas do Real Madrid fora de casa, na Espanha.<\/p>\n\n\n\n<p>&#8220;Posso entender uma vaia ao advers\u00e1rio, mas um insulto quem pode aguentar? N\u00e3o \u00e9 normal. Tem que fixar-se menos na figura desse jovem e mais no que acontece nos est\u00e1dios. Fazem isso com Vinicius porque ele \u00e9 um perigo a n\u00edvel esportivo e tentam tir\u00e1-lo da partida&#8221;, avaliou.<\/p>\n\n\n\n<p>O Real Madrid volta a campo na ter\u00e7a-feira (17), na estreia da Liga dos Campe\u00f5es de 2024\/25. Com Vini Jr, o clube\u00a0enfrenta em casa o Stuttgart, da Alemanha, \u00e0s 16h (de Bras\u00edlia).<\/p>\n\n\n\n<p><strong><em><sup>S\u00e3o Gon\u00e7alo Vai Mudar. O Maior Portal da Cidade.<\/sup><\/em><\/strong><\/p>\n\n\n\n<figure class=\"wp-block-image size-full\"><img decoding=\"async\" width=\"251\" height=\"88\" src=\"https:\/\/sgvaimudar.com.br\/wp-content\/uploads\/2023\/08\/Logo.png\" alt=\"\" class=\"wp-image-2738\" \/><\/figure>\n","protected":false},"excerpt":{"rendered":"<p>T\u00e9cnico italiano v\u00ea excesso de ataques ao atacante brasileiro por parte de torcedores advers\u00e1rios O gon\u00e7alense Vini Jr. recebeu algumas&hellip;<\/p>\n","protected":false},"author":5,"featured_media":12112,"comment_status":"open","ping_status":"open","sticky":false,"template":"","format":"standard","meta":{"fifu_image_url":"","fifu_image_alt":"","footnotes":""},"categories":[5],"tags":[],"class_list":["post-12111","post","type-post","status-publish","format-standard","has-post-thumbnail","hentry","category-esportes"],"_links":{"self":[{"href":"https:\/\/sgvaimudar.com.br\/index.php\/wp-json\/wp\/v2\/posts\/12111","targetHints":{"allow":["GET"]}}],"collection":[{"href":"https:\/\/sgvaimudar.com.br\/index.php\/wp-json\/wp\/v2\/posts"}],"about":[{"href":"https:\/\/sgvaimudar.com.br\/index.php\/wp-json\/wp\/v2\/types\/post"}],"author":[{"embeddable":true,"href":"https:\/\/sgvaimudar.com.br\/index.php\/wp-json\/wp\/v2\/users\/5"}],"replies":[{"embeddable":true,"href":"https:\/\/sgvaimudar.com.br\/index.php\/wp-json\/wp\/v2\/comments?post=12111"}],"version-history":[{"count":1,"href":"https:\/\/sgvaimudar.com.br\/index.php\/wp-json\/wp\/v2\/posts\/12111\/revisions"}],"predecessor-version":[{"id":12113,"href":"https:\/\/sgvaimudar.com.br\/index.php\/wp-json\/wp\/v2\/posts\/12111\/revisions\/12113"}],"wp:featuredmedia":[{"embeddable":true,"href":"https:\/\/sgvaimudar.com.br\/index.php\/wp-json\/wp\/v2\/media\/12112"}],"wp:attachment":[{"href":"https:\/\/sgvaimudar.com.br\/index.php\/wp-json\/wp\/v2\/media?parent=12111"}],"wp:term":[{"taxonomy":"category","embeddable":true,"href":"https:\/\/sgvaimudar.com.br\/index.php\/wp-json\/wp\/v2\/categories?post=12111"},{"taxonomy":"post_tag","embeddable":true,"href":"https:\/\/sgvaimudar.com.br\/index.php\/wp-json\/wp\/v2\/tags?post=12111"}],"curies":[{"name":"wp","href":"https:\/\/api.w.org\/{rel}","templated":true}]}}