{"id":12099,"date":"2024-09-16T15:00:00","date_gmt":"2024-09-16T18:00:00","guid":{"rendered":"https:\/\/sgvaimudar.com.br\/?p=12099"},"modified":"2024-09-17T09:22:06","modified_gmt":"2024-09-17T12:22:06","slug":"agenda-de-campanha-movimentada-para-os-candidatos-a-prefeito-de-sao-goncalo","status":"publish","type":"post","link":"https:\/\/sgvaimudar.com.br\/index.php\/2024\/09\/16\/agenda-de-campanha-movimentada-para-os-candidatos-a-prefeito-de-sao-goncalo\/","title":{"rendered":"Agenda de campanha movimentada para os candidatos a prefeito de S\u00e3o Gon\u00e7alo"},"content":{"rendered":"\n<p><em>Viviane Carvalho (PMN), Jaqueline Pedroza (Novo), Capit\u00e3o Nelson (PL), Dimas Gadelha (PT), Professor Josemar (Psol) e Reginaldo Afonso (PSTU) estiveram em encontros em v\u00e1rios pontos da cidade e se reuniram com eleitores<\/em><\/p>\n\n\n\n<p>Os candidatos(as) a prefeito(a) de S\u00e3o Gon\u00e7alo tiveram agendas movimentadas no fim de semana. A candidata do Novo, Jaqueline Pedroza, a convite do candidato a vereador Antonio Pinheiro, do mesmo partido,\u00a0participou de uma reuni\u00e3o com eleitores, onde teve a oportunidade de falar sobre as necessidades da cidade e apresentar sua ideias e propostas.<\/p>\n\n\n\n<p>Segundo ela, cuidar do saneamento b\u00e1sico, \u00e9 compet\u00eancia do munic\u00edpio, assim como drenar rios, limpar valas, margens, tomar a\u00e7\u00f5es preventivas, para evitar enchentes, impedindo constru\u00e7\u00f5es irregulares, que comprometam o fluxo das vias fluviais. <\/p>\n\n\n\n<p>&#8220;No meu governo vou fazer dragagens frequentes, para evitar o transbordo, s\u00e3o de suma import\u00e2ncia para evitar alagamentos de ruas e casas. Ir mais al\u00e9m \u00e9 o que queremos, vamos fomentar a educa\u00e7\u00e3o ambiental, promovendo um di\u00e1logo constante com a popula\u00e7\u00e3o, vamos buscar especialistas, para termos um diagn\u00f3stico preciso, dos problemas de saneamento no munic\u00edpio, com isso encontrar solu\u00e7\u00f5es, inclusive para os per\u00edodos mais chuvosos&#8221;, disse a candidata do Novo.<\/p>\n\n\n\n<figure class=\"wp-block-image size-full is-resized\"><img fetchpriority=\"high\" decoding=\"async\" width=\"281\" height=\"350\" src=\"https:\/\/sgvaimudar.com.br\/wp-content\/uploads\/2024\/09\/vivi-2.jpg\" alt=\"\" class=\"wp-image-12100\" style=\"aspect-ratio:0.8028571428571428;width:693px;height:auto\" srcset=\"https:\/\/sgvaimudar.com.br\/wp-content\/uploads\/2024\/09\/vivi-2.jpg 281w, https:\/\/sgvaimudar.com.br\/wp-content\/uploads\/2024\/09\/vivi-2-241x300.jpg 241w\" sizes=\"(max-width: 281px) 100vw, 281px\" \/><\/figure>\n\n\n\n<p>A candidata do PMN, Viviane Carvalho, fez um corpo a corpo com eleitores nas barcas. Na ocasi\u00e3o, ela ouviu queixas sobre o abandono da sa\u00fade p\u00fablica em S\u00e3o Gon\u00e7alo, principalmente dos nossos idosos e prometeu lutar contra a falta de respeito e cuidado.<\/p>\n\n\n\n<p>&#8220;Isso \u00e9 uma realidade que precisa mudar. A catarata, por exemplo, uma condi\u00e7\u00e3o que afeta diretamente a vis\u00e3o, \u00e9 um dos maiores problemas enfrentados pelos nossos idosos, causando, inclusive, quedas e acidentes por n\u00e3o enxergarem bem. Para mudar essa realidade, iremos lan\u00e7ar o projeto Catarata Nunca Mais, que utilizar\u00e1 todos os recursos dispon\u00edveis da nossa rede de sa\u00fade para criar um amplo programa de cirurgias de catarata. Por isso, vamos garantir a qualidade de vida e respeito a quem tanto j\u00e1 contribuiu com nossa cidade. Vamos cuidar da sa\u00fade dos nossos idosos&#8221;, disse ela.<\/p>\n\n\n\n<figure class=\"wp-block-image size-full\"><img decoding=\"async\" width=\"820\" height=\"540\" src=\"https:\/\/sgvaimudar.com.br\/wp-content\/uploads\/2024\/09\/heitor.jpg\" alt=\"\" class=\"wp-image-12101\" srcset=\"https:\/\/sgvaimudar.com.br\/wp-content\/uploads\/2024\/09\/heitor.jpg 820w, https:\/\/sgvaimudar.com.br\/wp-content\/uploads\/2024\/09\/heitor-300x198.jpg 300w, https:\/\/sgvaimudar.com.br\/wp-content\/uploads\/2024\/09\/heitor-768x506.jpg 768w\" sizes=\"(max-width: 820px) 100vw, 820px\" \/><\/figure>\n\n\n\n<p>Neste fim de semana, Reginaldo Afonso (PSTU) particiou de encontros pol\u00edticos com candidatos do PSTU de S\u00e3o Gon\u00e7alo e Niter\u00f3i e confraterniza\u00e7\u00e3o com apoiadores. No s\u00e1bado, encontro com candidatos e apoiadores ocorreu no bairro de Boa Viagem e no domingo, em S\u00e3o Francisco, ambos na cidade de Niter\u00f3i.<\/p>\n\n\n\n<p>\u201cEsses momentos de confraterniza\u00e7\u00e3o s\u00e3o importantes para nossa campanha. Somos uma candidatura de trabalhadores. Nossa campanha n\u00e3o desfruta dos rios de dinheiro que s\u00e3o despejados nas campanhas mais ricas, seja pelo pr\u00f3prio governo, atrav\u00e9s dos fundos eleitoral e partid\u00e1rio, seja pelos grandes empres\u00e1rios, atrav\u00e9s dos investimentos milion\u00e1rios que fazem. Nossa campanha \u00e9 feita com o suor de cada trabalhador que nos ap\u00f3ia. Ent\u00e3o, quando um companheiro, abre a porta de sua casa para nos receber, conversar conosco, saber mais sobre nosso programa, para n\u00f3s \u00e9 um momento de muita alegria.\u201d, discursou Reginaldo durante o evento.<\/p>\n\n\n\n<p>Ele disse que S\u00e3o Gon\u00e7alo e Niter\u00f3i s\u00e3o cidades muito conectadas. &#8220;Muitos trabalhadores de S\u00e3o Gon\u00e7alo trabalham em Niter\u00f3i e vice e versa. Ent\u00e3o para n\u00f3s faz todo sentido, atividades como essa reunirem os candidatos e apoiadores de ambos os munic\u00edpios.\u201d, explicou o candidato.<\/p>\n\n\n\n<p>A agenda do candidato \u00e9 a seguinte: Nesta segunda-feira (16), \u00e0s 17h30, ele vai conceder entrevista ao Sindicato dos Servidores P\u00fablicos Efetivos do Munic\u00edpio de S\u00e3o Gon\u00e7alo (Sindspef-SG). Nesta ter\u00e7a (17), \u00e0s 9h, o candidato do PSTU vai estar numa reuni\u00e3o com a coordena\u00e7\u00e3o de campanha.<\/p>\n\n\n\n<figure class=\"wp-block-image size-full is-resized\"><img decoding=\"async\" width=\"377\" height=\"467\" src=\"https:\/\/sgvaimudar.com.br\/wp-content\/uploads\/2024\/09\/prof.jpg\" alt=\"\" class=\"wp-image-12108\" style=\"aspect-ratio:0.8072805139186295;width:693px;height:auto\" srcset=\"https:\/\/sgvaimudar.com.br\/wp-content\/uploads\/2024\/09\/prof.jpg 377w, https:\/\/sgvaimudar.com.br\/wp-content\/uploads\/2024\/09\/prof-242x300.jpg 242w\" sizes=\"(max-width: 377px) 100vw, 377px\" \/><\/figure>\n\n\n\n<p>O candidato do Psol, Professor Josemar, disse que teve uma tarde incr\u00edvel na Pra\u00e7a Z\u00e9 Garoto com a presen\u00e7a da deputada Federal Dani Monteiro e do Coletivo Juntos por S\u00e3o Gon\u00e7alo. &#8220;Estou com as energias renovadas com os debates inspiradores da nossa juventude&#8221;, disse Josemar.<\/p>\n\n\n\n<p>Segundo ele, a voz dos jovens \u00e9 fundamental para construirmos uma S\u00e3o Gon\u00e7alo mais inclusiva e inovadora.<\/p>\n\n\n\n<p>&#8220;Em vez dos velhos esquemas, os cargos de secret\u00e1rios ser\u00e3o escolhidos diretamente pela popula\u00e7\u00e3o em uma confer\u00eancia aberta. \u00c9 hora de dar voz ao povo e construir uma S\u00e3o Gon\u00e7alo mais justa e transparente&#8221;, afirmou o candidato do Psol.<\/p>\n\n\n\n<figure class=\"wp-block-image size-full is-resized\"><img loading=\"lazy\" decoding=\"async\" width=\"268\" height=\"454\" src=\"https:\/\/sgvaimudar.com.br\/wp-content\/uploads\/2024\/09\/dimas-3.jpg\" alt=\"\" class=\"wp-image-12102\" style=\"aspect-ratio:0.5903083700440529;width:690px;height:auto\" srcset=\"https:\/\/sgvaimudar.com.br\/wp-content\/uploads\/2024\/09\/dimas-3.jpg 268w, https:\/\/sgvaimudar.com.br\/wp-content\/uploads\/2024\/09\/dimas-3-177x300.jpg 177w\" sizes=\"(max-width: 268px) 100vw, 268px\" \/><\/figure>\n\n\n\n<p>O candidato do PT, Dimas Gadelha, entre sexta-feira (13) a domingo (15), levou o bloco do vermelhinho para a Praia das Pedrinhas, com concentra\u00e7\u00e3o no Bar da Sayonara. A ocasi\u00e3o contou com muito samba e alto astral e mostrou as propostas do candidato petista.<\/p>\n\n\n\n<p>Na ocasi\u00e3o, Dimas Gadelha contou a sua hist\u00f3ria de vida. &#8220;Sa\u00ed de Sousa, no sert\u00e3o da Para\u00edba, e cheguei a Trindade, em S\u00e3o Gon\u00e7alo, carregando sonhos e muita vontade de vencer. Trabalhei como vendedor de porta em porta, vendendo panelas para ajudar no sustento da fam\u00edlia&#8221;, recordou ele.<\/p>\n\n\n\n<p>Segundo Dimas Gadelha, cada porta que bateu o fez acreditar ainda mais que, com dedica\u00e7\u00e3o, os sonhos podem se tornar realidade. &#8220;Foi com essa garra que conquistei minha vaga em medicina, dando in\u00edcio a uma trajet\u00f3ria de transforma\u00e7\u00e3o. Hoje, levo comigo as li\u00e7\u00f5es de cada passo dessa caminhada, sempre acreditando no poder da educa\u00e7\u00e3o e do trabalho duro. \u00c9 assim que eu quero trabalhar por S\u00e3o Gon\u00e7alo&#8221;, disse Gadelha.<\/p>\n\n\n\n<figure class=\"wp-block-image size-large\"><img loading=\"lazy\" decoding=\"async\" width=\"1024\" height=\"684\" src=\"https:\/\/sgvaimudar.com.br\/wp-content\/uploads\/2024\/09\/unnamed-16-1024x684.jpg\" alt=\"\" class=\"wp-image-12104\" srcset=\"https:\/\/sgvaimudar.com.br\/wp-content\/uploads\/2024\/09\/unnamed-16-1024x684.jpg 1024w, https:\/\/sgvaimudar.com.br\/wp-content\/uploads\/2024\/09\/unnamed-16-300x200.jpg 300w, https:\/\/sgvaimudar.com.br\/wp-content\/uploads\/2024\/09\/unnamed-16-768x513.jpg 768w, https:\/\/sgvaimudar.com.br\/wp-content\/uploads\/2024\/09\/unnamed-16-1536x1027.jpg 1536w, https:\/\/sgvaimudar.com.br\/wp-content\/uploads\/2024\/09\/unnamed-16.jpg 1616w\" sizes=\"(max-width: 1024px) 100vw, 1024px\" \/><\/figure>\n\n\n\n<p>O candidato \u00e0 reelei\u00e7\u00e3o como prefeito de S\u00e3o Gon\u00e7alo, Capit\u00e3o Nelson (PL), teve uma agenda movimentada com reuni\u00f5es pol\u00edticas no Rocha, Santa Catarina, J\u00f3quei e Z\u00e9 Garoto, na sexta-feira (13) e s\u00e1bado (14), reunindo milhares de eleitores.<\/p>\n\n\n\n<p>Nos encontros de s\u00e1bado, Capit\u00e3o foi acompanhado do deputado estadual Douglas Ruas e do deputado federal Altineu C\u00f4rtes, onde p\u00f4de falar com os eleitores sobre o momento \u00fanico que S\u00e3o Gon\u00e7alo vive ap\u00f3s anos de descaso de gest\u00f5es passadas.<\/p>\n\n\n\n<p>\u201cNa educa\u00e7\u00e3o detectamos o grave problema de falta de profissionais. Mergulhamos de cabe\u00e7a, come\u00e7amos a sanar os problemas e fizemos algo in\u00e9dito, que nenhum governo tinha feito aqui em S\u00e3o Gon\u00e7alo. Realizamos dois concursos para a Educa\u00e7\u00e3o em um \u00fanico governo. Ainda estou convocando os profissionais aprovados\u201d, disse Capit\u00e3o Nelson.<\/p>\n\n\n\n<p>O cen\u00e1rio de poucos investimentos no munic\u00edpio quando Capit\u00e3o assumiu o governo foi lembrado nas reuni\u00f5es.<\/p>\n\n\n\n<p>\u201cNossas crian\u00e7as estavam fora das escolas. S\u00e3o Gon\u00e7alo tinha menos de 40 mil alunos matriculados na Rede Municipal de Ensino. Nossa rede p\u00fablica de sa\u00fade estava toda sucateada. Se o gon\u00e7alense precisasse de um exame, tinha que sair de S\u00e3o Gon\u00e7alo para buscar tratamento em outro munic\u00edpio\u201d, relembrou o deputado estadual Douglas Ruas.<\/p>\n\n\n\n<p>Nesta segunda-feira (16), Capit\u00e3o Nelson segue com seus compromissos de governo e com reuni\u00f5es pol\u00edticas que vem fazendo por toda a cidade de S\u00e3o Gon\u00e7alo.<\/p>\n\n\n\n<p><strong><em><sup>S\u00e3o Gon\u00e7alo Vai Mudar. O Maior Portal da Cidade.<\/sup><\/em><\/strong><\/p>\n\n\n\n<figure class=\"wp-block-image size-full\"><img loading=\"lazy\" decoding=\"async\" width=\"251\" height=\"88\" src=\"https:\/\/sgvaimudar.com.br\/wp-content\/uploads\/2023\/08\/Logo.png\" alt=\"\" class=\"wp-image-2738\" \/><\/figure>\n","protected":false},"excerpt":{"rendered":"<p>Viviane Carvalho (PMN), Jaqueline Pedroza (Novo), Capit\u00e3o Nelson (PL), Dimas Gadelha (PT), Professor Josemar (Psol) e Reginaldo Afonso (PSTU) estiveram&hellip;<\/p>\n","protected":false},"author":5,"featured_media":12105,"comment_status":"open","ping_status":"open","sticky":false,"template":"","format":"standard","meta":{"fifu_image_url":"","fifu_image_alt":"","footnotes":""},"categories":[3],"tags":[],"class_list":["post-12099","post","type-post","status-publish","format-standard","has-post-thumbnail","hentry","category-sao-goncalo"],"_links":{"self":[{"href":"https:\/\/sgvaimudar.com.br\/index.php\/wp-json\/wp\/v2\/posts\/12099","targetHints":{"allow":["GET"]}}],"collection":[{"href":"https:\/\/sgvaimudar.com.br\/index.php\/wp-json\/wp\/v2\/posts"}],"about":[{"href":"https:\/\/sgvaimudar.com.br\/index.php\/wp-json\/wp\/v2\/types\/post"}],"author":[{"embeddable":true,"href":"https:\/\/sgvaimudar.com.br\/index.php\/wp-json\/wp\/v2\/users\/5"}],"replies":[{"embeddable":true,"href":"https:\/\/sgvaimudar.com.br\/index.php\/wp-json\/wp\/v2\/comments?post=12099"}],"version-history":[{"count":6,"href":"https:\/\/sgvaimudar.com.br\/index.php\/wp-json\/wp\/v2\/posts\/12099\/revisions"}],"predecessor-version":[{"id":12143,"href":"https:\/\/sgvaimudar.com.br\/index.php\/wp-json\/wp\/v2\/posts\/12099\/revisions\/12143"}],"wp:featuredmedia":[{"embeddable":true,"href":"https:\/\/sgvaimudar.com.br\/index.php\/wp-json\/wp\/v2\/media\/12105"}],"wp:attachment":[{"href":"https:\/\/sgvaimudar.com.br\/index.php\/wp-json\/wp\/v2\/media?parent=12099"}],"wp:term":[{"taxonomy":"category","embeddable":true,"href":"https:\/\/sgvaimudar.com.br\/index.php\/wp-json\/wp\/v2\/categories?post=12099"},{"taxonomy":"post_tag","embeddable":true,"href":"https:\/\/sgvaimudar.com.br\/index.php\/wp-json\/wp\/v2\/tags?post=12099"}],"curies":[{"name":"wp","href":"https:\/\/api.w.org\/{rel}","templated":true}]}}