{"id":12064,"date":"2024-09-15T20:00:00","date_gmt":"2024-09-15T23:00:00","guid":{"rendered":"https:\/\/sgvaimudar.com.br\/?p=12064"},"modified":"2024-09-15T14:02:15","modified_gmt":"2024-09-15T17:02:15","slug":"dez-pessoas-sao-presas-por-envolvimento-em-brigas-entre-torcedores-do-flamengo-e-do-vasco-na-zona-oeste-do-rio-video","status":"publish","type":"post","link":"https:\/\/sgvaimudar.com.br\/index.php\/2024\/09\/15\/dez-pessoas-sao-presas-por-envolvimento-em-brigas-entre-torcedores-do-flamengo-e-do-vasco-na-zona-oeste-do-rio-video\/","title":{"rendered":"Dez pessoas s\u00e3o presas por envolvimento em brigas entre torcedores do Flamengo e do Vasco na Zona Oeste do Rio; V\u00cdDEO"},"content":{"rendered":"\n<p><div class=\"row content-head mc-column non-featured \" style=\"margin: var(--glb-sp-col-mg-top,0) auto var(--glb-sp-col-mg-bottom,2rem) auto;padding-right: var(--glb-sp-col-padding-side,1rem);padding-left: var(--glb-sp-col-padding-side,1rem);border: 0px;font-size: medium;line-height: inherit;, sans-serif;vertical-align: baseline;max-width: var(--glb-sp-col-max-width,42.5rem);float: none;width: var(--glb-sp-col-width,70%);clear: none;--glb-sp-col-mg-top:var(--glb-sp-content-head-mg-top);--glb-sp-col-mg-bottom:var(--glb-sp-content-head-mg-bottom,0);--glb-sp-col-padding-side:var(--glb-sp-col-header-mg-side);--glb-sp-col-width:100%;--glb-sp-col-max-width:var(--glb-sp-col-header-max-width)\"><div class=\"medium-centered subtitle\" style=\"margin-top: var(--glb-sp-subtitle-mg-top);margin-right: auto;margin-left: auto;padding-left: 0px;border: 0px;font: inherit;vertical-align: baseline;float: none\"><h2 class=\"content-head__subtitle\" style=\"margin: 0px;border: 0px;font-style: inherit;font-variant: inherit;font-weight: var(--g-fnt-weight-regular);font-size: var(--g-fnt-size-35);line-height: var(--g-fnt-lh-25);font-family: var(--font-family-book),var(--font-family-book-fallback);vertical-align: baseline;letter-spacing: var(--g-fnt-ls-210)\"><em>Duas pessoas ficaram feridas e foram levadas para a UPA da Taquara<\/em><\/h2><\/div><\/div><\/p>\n\n\n\n<p><div class=\"row content-head mc-column non-featured \" style=\"margin: var(--glb-sp-col-mg-top,0) auto var(--glb-sp-col-mg-bottom,2rem) auto;padding-right: var(--glb-sp-col-padding-side,1rem);padding-left: var(--glb-sp-col-padding-side,1rem);border: 0px;font-size: medium;line-height: inherit;, sans-serif;vertical-align: baseline;max-width: var(--glb-sp-col-max-width,42.5rem);float: none;width: var(--glb-sp-col-width,70%);clear: none;--glb-sp-col-mg-top:var(--glb-sp-content-head-mg-top);--glb-sp-col-mg-bottom:var(--glb-sp-content-head-mg-bottom,0);--glb-sp-col-padding-side:var(--glb-sp-col-header-mg-side);--glb-sp-col-width:100%;--glb-sp-col-max-width:var(--glb-sp-col-header-max-width)\"><div class=\"medium-centered subtitle\" style=\"margin-top: var(--glb-sp-subtitle-mg-top);margin-right: auto;margin-left: auto;padding-left: 0px;border: 0px;font: inherit;vertical-align: baseline;float: none\"><h2 class=\"content-head__subtitle\" style=\"margin: 0px;border: 0px;font-style: inherit;font-variant: inherit;font-weight: var(--g-fnt-weight-regular);font-size: var(--g-fnt-size-35);line-height: var(--g-fnt-lh-25);font-family: var(--font-family-book),var(--font-family-book-fallback);vertical-align: baseline;letter-spacing: var(--g-fnt-ls-210)\"><div class=\"content-publication-data__text\" style=\"border: 0px;font: inherit;vertical-align: baseline\"><\/div><\/h2><\/div><\/div><\/p>\n\n\n\n<p>A Pol\u00edcia Militar prendeu 10 pessoas por envolvimento em brigas entre as torcidas do Flamengo e do Vasco da Gama, no bairro do Tanque, na Zona Oeste do Rio, na manh\u00e3 deste domingo (15). Os dois times se enfrentaram no fim da tarde pelo Campeonato Brasileiro.<\/p>\n\n\n\n<figure class=\"wp-block-video\"><video height=\"850\" style=\"aspect-ratio: 478 \/ 850;\" width=\"478\" controls src=\"https:\/\/sgvaimudar.com.br\/wp-content\/uploads\/2024\/09\/WhatsApp-Video-2024-09-15-at-13.23.32.mp4\"><\/video><\/figure>\n\n\n\n<p>De acordo com o comando do 18\u00ba Batalh\u00e3o (Jacarepagu\u00e1), os agentes foram acionados por causa de uma briga generalizada entre os torcedores dos dois times. Os PMs trabalharam na dispers\u00e3o do tumulto e prenderam os suspeitos.<\/p>\n\n\n\n<figure class=\"wp-block-video\"><video height=\"768\" style=\"aspect-ratio: 480 \/ 768;\" width=\"480\" controls src=\"https:\/\/sgvaimudar.com.br\/wp-content\/uploads\/2024\/09\/WhatsApp-Video-2024-09-15-at-13.23.33.mp4\"><\/video><\/figure>\n\n\n\n<p>Dois feridos foram levados para Unidade de Pronto Atendimento (UPA) da Taquara. N\u00e3o h\u00e1 informa\u00e7\u00f5es sobre identidades e estado de sa\u00fade.<\/p>\n\n\n\n<figure class=\"wp-block-video\"><video height=\"720\" style=\"aspect-ratio: 1280 \/ 720;\" width=\"1280\" controls src=\"https:\/\/sgvaimudar.com.br\/wp-content\/uploads\/2024\/09\/WhatsApp-Video-2024-09-15-at-13.23.30.mp4\"><\/video><\/figure>\n\n\n\n<p>A PM informa ainda que o policiamento foi refor\u00e7ado em toda a regi\u00e3o.<\/p>\n\n\n\n<p><strong><em><sup>S\u00e3o Gon\u00e7alo Vai Mudar. O Maior Portal da Cidade.<\/sup><\/em><\/strong><\/p>\n\n\n\n<figure class=\"wp-block-image size-full\"><img decoding=\"async\" width=\"251\" height=\"88\" src=\"https:\/\/sgvaimudar.com.br\/wp-content\/uploads\/2023\/08\/Logo.png\" alt=\"\" class=\"wp-image-2738\" \/><\/figure>\n","protected":false},"excerpt":{"rendered":"<p>Duas pessoas ficaram feridas e foram levadas para a UPA da Taquara A Pol\u00edcia Militar prendeu 10 pessoas por envolvimento&hellip;<\/p>\n","protected":false},"author":5,"featured_media":12067,"comment_status":"open","ping_status":"open","sticky":false,"template":"","format":"standard","meta":{"fifu_image_url":"","fifu_image_alt":"","footnotes":""},"categories":[32],"tags":[],"class_list":["post-12064","post","type-post","status-publish","format-standard","has-post-thumbnail","hentry","category-casos-de-policia"],"_links":{"self":[{"href":"https:\/\/sgvaimudar.com.br\/index.php\/wp-json\/wp\/v2\/posts\/12064","targetHints":{"allow":["GET"]}}],"collection":[{"href":"https:\/\/sgvaimudar.com.br\/index.php\/wp-json\/wp\/v2\/posts"}],"about":[{"href":"https:\/\/sgvaimudar.com.br\/index.php\/wp-json\/wp\/v2\/types\/post"}],"author":[{"embeddable":true,"href":"https:\/\/sgvaimudar.com.br\/index.php\/wp-json\/wp\/v2\/users\/5"}],"replies":[{"embeddable":true,"href":"https:\/\/sgvaimudar.com.br\/index.php\/wp-json\/wp\/v2\/comments?post=12064"}],"version-history":[{"count":3,"href":"https:\/\/sgvaimudar.com.br\/index.php\/wp-json\/wp\/v2\/posts\/12064\/revisions"}],"predecessor-version":[{"id":12072,"href":"https:\/\/sgvaimudar.com.br\/index.php\/wp-json\/wp\/v2\/posts\/12064\/revisions\/12072"}],"wp:featuredmedia":[{"embeddable":true,"href":"https:\/\/sgvaimudar.com.br\/index.php\/wp-json\/wp\/v2\/media\/12067"}],"wp:attachment":[{"href":"https:\/\/sgvaimudar.com.br\/index.php\/wp-json\/wp\/v2\/media?parent=12064"}],"wp:term":[{"taxonomy":"category","embeddable":true,"href":"https:\/\/sgvaimudar.com.br\/index.php\/wp-json\/wp\/v2\/categories?post=12064"},{"taxonomy":"post_tag","embeddable":true,"href":"https:\/\/sgvaimudar.com.br\/index.php\/wp-json\/wp\/v2\/tags?post=12064"}],"curies":[{"name":"wp","href":"https:\/\/api.w.org\/{rel}","templated":true}]}}