{"id":12048,"date":"2024-09-15T12:00:00","date_gmt":"2024-09-15T15:00:00","guid":{"rendered":"https:\/\/sgvaimudar.com.br\/?p=12048"},"modified":"2024-09-15T07:05:29","modified_gmt":"2024-09-15T10:05:29","slug":"goncalense-participa-de-torneiro-de-muay-thai-do-estado-do-rio-de-janeiro-queem-of-ring-muay","status":"publish","type":"post","link":"https:\/\/sgvaimudar.com.br\/index.php\/2024\/09\/15\/goncalense-participa-de-torneiro-de-muay-thai-do-estado-do-rio-de-janeiro-queem-of-ring-muay\/","title":{"rendered":"Gon\u00e7alense participa de torneiro de Muay Thai do Estado do Rio de Janeiro, Queem Of Ring Muay"},"content":{"rendered":"\n<p>Natural de S\u00e3o Gon\u00e7alo e criada no bairro Amendoeira, Susana de S\u00e1 iniciou sua jornada nas artes marciais aos 10 anos, encontrando no kickboxing, na equipe Fam\u00edlia Nova Era (projeto social Wesley Japa), a paix\u00e3o que a move. Sob a tutela dos experientes mestres Ranie Bastos e Rodrigo Element, Susana desenvolveu uma t\u00e9cnica impec\u00e1vel e um esp\u00edrito de guerreira.<\/p>\n\n\n\n<p>Ap\u00f3s anos de dedica\u00e7\u00e3o, a atleta decidiu explorar novos desafios e migrou para o Muay Thai, onde rapidamente se destacou pela sua agilidade, for\u00e7a e precis\u00e3o nos golpes. Sua trajet\u00f3ria no ringue foi marcada por vit\u00f3rias expressivas, que culminaram com a conquista de um lugar no principal torneio de Muay Thai do Estado.<\/p>\n\n\n\n<p>Em um momento crucial de sua carreira, Susana recebeu a oportunidade de disputar o cintur\u00e3o da categoria at\u00e9 52 kg no renomado evento Queen Of Ring Muay Thai. A luta principal, um confronto \u00e9pico que colocaria \u00e0 prova todo o seu talento e determina\u00e7\u00e3o, prometia ser um marco em sua hist\u00f3ria.<\/p>\n\n\n\n<p>Reportagem: Mauro J\u00fanior<\/p>\n\n\n\n<p><strong><em><sup>S\u00e3o Gon\u00e7alo Vai Mudar. O Maior Portal da Cidade.<\/sup><\/em><\/strong><\/p>\n\n\n\n<figure class=\"wp-block-image size-full\"><img decoding=\"async\" width=\"250\" height=\"87\" src=\"https:\/\/sgvaimudar.com.br\/wp-content\/uploads\/2023\/08\/cropped-Logo.png\" alt=\"\" class=\"wp-image-2739\" \/><\/figure>\n","protected":false},"excerpt":{"rendered":"<p>Natural de S\u00e3o Gon\u00e7alo e criada no bairro Amendoeira, Susana de S\u00e1 iniciou sua jornada nas artes marciais aos 10&hellip;<\/p>\n","protected":false},"author":5,"featured_media":12049,"comment_status":"open","ping_status":"open","sticky":false,"template":"","format":"standard","meta":{"fifu_image_url":"","fifu_image_alt":"","footnotes":""},"categories":[5],"tags":[],"class_list":["post-12048","post","type-post","status-publish","format-standard","has-post-thumbnail","hentry","category-esportes"],"_links":{"self":[{"href":"https:\/\/sgvaimudar.com.br\/index.php\/wp-json\/wp\/v2\/posts\/12048","targetHints":{"allow":["GET"]}}],"collection":[{"href":"https:\/\/sgvaimudar.com.br\/index.php\/wp-json\/wp\/v2\/posts"}],"about":[{"href":"https:\/\/sgvaimudar.com.br\/index.php\/wp-json\/wp\/v2\/types\/post"}],"author":[{"embeddable":true,"href":"https:\/\/sgvaimudar.com.br\/index.php\/wp-json\/wp\/v2\/users\/5"}],"replies":[{"embeddable":true,"href":"https:\/\/sgvaimudar.com.br\/index.php\/wp-json\/wp\/v2\/comments?post=12048"}],"version-history":[{"count":1,"href":"https:\/\/sgvaimudar.com.br\/index.php\/wp-json\/wp\/v2\/posts\/12048\/revisions"}],"predecessor-version":[{"id":12050,"href":"https:\/\/sgvaimudar.com.br\/index.php\/wp-json\/wp\/v2\/posts\/12048\/revisions\/12050"}],"wp:featuredmedia":[{"embeddable":true,"href":"https:\/\/sgvaimudar.com.br\/index.php\/wp-json\/wp\/v2\/media\/12049"}],"wp:attachment":[{"href":"https:\/\/sgvaimudar.com.br\/index.php\/wp-json\/wp\/v2\/media?parent=12048"}],"wp:term":[{"taxonomy":"category","embeddable":true,"href":"https:\/\/sgvaimudar.com.br\/index.php\/wp-json\/wp\/v2\/categories?post=12048"},{"taxonomy":"post_tag","embeddable":true,"href":"https:\/\/sgvaimudar.com.br\/index.php\/wp-json\/wp\/v2\/tags?post=12048"}],"curies":[{"name":"wp","href":"https:\/\/api.w.org\/{rel}","templated":true}]}}