{"id":12046,"date":"2024-09-15T11:00:00","date_gmt":"2024-09-15T14:00:00","guid":{"rendered":"https:\/\/sgvaimudar.com.br\/?p=12046"},"modified":"2024-09-15T06:57:59","modified_gmt":"2024-09-15T09:57:59","slug":"pm-da-inicio-a-operacao-verao-2024-neste-sabado","status":"publish","type":"post","link":"https:\/\/sgvaimudar.com.br\/index.php\/2024\/09\/15\/pm-da-inicio-a-operacao-verao-2024-neste-sabado\/","title":{"rendered":"PM d\u00e1 in\u00edcio a Opera\u00e7\u00e3o Ver\u00e3o 2024 neste s\u00e1bado"},"content":{"rendered":"\n<p>A Pol\u00edcia Militar deu in\u00edcio neste s\u00e1bado (14) a \u2018Opera\u00e7\u00e3o Ver\u00e3o 2024\u2019, que refor\u00e7a o policiamento na orla, em todo o Estado do Rio de Janeiro. Segundo a PM, ser\u00e3o empregados 1.250 agentes diariamente, em todo o territ\u00f3rio fluminense, com aten\u00e7\u00e3o especial para a orla da capital e cidades litor\u00e2neas, al\u00e9m de vias expressas e rodovias de acesso aos munic\u00edpios com maior afluxo tur\u00edstico.<\/p>\n\n\n\n<p>O patrulhamento ser\u00e1 aplicado nas vias com viaturas e motocicletas, al\u00e9m de quadriciclos na faixa de areia. Nas praias de maior movimento, haver\u00e1 tendas como pontos de apoio aos policiais e refer\u00eancia para a popula\u00e7\u00e3o.<\/p>\n\n\n\n<p>O in\u00edcio da a\u00e7\u00e3o foi poss\u00edvel ap\u00f3s a suspens\u00e3o de uma liminar que impedia a opera\u00e7\u00e3o. O projeto, no ano passado, foi alvo de pol\u00eamica por causa das apreens\u00f5es de menores. Os \u00f3rg\u00e3os de seguran\u00e7a, junto \u00e0 Justi\u00e7a e Assist\u00eancia social fizeram um acordo e definiram novas regras para abordagens a crian\u00e7as e adolescentes. Entre elas est\u00e1 o acompanhamento de abordagem a menores por conselheiros tutelares.<\/p>\n\n\n\n<p><strong><em><sup>S\u00e3o Gon\u00e7alo Vai Mudar. O Maior Portal da Cidade.<\/sup><\/em><\/strong><\/p>\n\n\n\n<figure class=\"wp-block-image size-full\"><img decoding=\"async\" width=\"250\" height=\"87\" src=\"https:\/\/sgvaimudar.com.br\/wp-content\/uploads\/2023\/08\/cropped-Logo.png\" alt=\"\" class=\"wp-image-2739\" \/><\/figure>\n\n\n\n<p><\/p>\n","protected":false},"excerpt":{"rendered":"<p>A Pol\u00edcia Militar deu in\u00edcio neste s\u00e1bado (14) a \u2018Opera\u00e7\u00e3o Ver\u00e3o 2024\u2019, que refor\u00e7a o policiamento na orla, em todo&hellip;<\/p>\n","protected":false},"author":5,"featured_media":11735,"comment_status":"open","ping_status":"open","sticky":false,"template":"","format":"standard","meta":{"fifu_image_url":"","fifu_image_alt":"","footnotes":""},"categories":[32],"tags":[],"class_list":["post-12046","post","type-post","status-publish","format-standard","has-post-thumbnail","hentry","category-casos-de-policia"],"_links":{"self":[{"href":"https:\/\/sgvaimudar.com.br\/index.php\/wp-json\/wp\/v2\/posts\/12046","targetHints":{"allow":["GET"]}}],"collection":[{"href":"https:\/\/sgvaimudar.com.br\/index.php\/wp-json\/wp\/v2\/posts"}],"about":[{"href":"https:\/\/sgvaimudar.com.br\/index.php\/wp-json\/wp\/v2\/types\/post"}],"author":[{"embeddable":true,"href":"https:\/\/sgvaimudar.com.br\/index.php\/wp-json\/wp\/v2\/users\/5"}],"replies":[{"embeddable":true,"href":"https:\/\/sgvaimudar.com.br\/index.php\/wp-json\/wp\/v2\/comments?post=12046"}],"version-history":[{"count":1,"href":"https:\/\/sgvaimudar.com.br\/index.php\/wp-json\/wp\/v2\/posts\/12046\/revisions"}],"predecessor-version":[{"id":12047,"href":"https:\/\/sgvaimudar.com.br\/index.php\/wp-json\/wp\/v2\/posts\/12046\/revisions\/12047"}],"wp:featuredmedia":[{"embeddable":true,"href":"https:\/\/sgvaimudar.com.br\/index.php\/wp-json\/wp\/v2\/media\/11735"}],"wp:attachment":[{"href":"https:\/\/sgvaimudar.com.br\/index.php\/wp-json\/wp\/v2\/media?parent=12046"}],"wp:term":[{"taxonomy":"category","embeddable":true,"href":"https:\/\/sgvaimudar.com.br\/index.php\/wp-json\/wp\/v2\/categories?post=12046"},{"taxonomy":"post_tag","embeddable":true,"href":"https:\/\/sgvaimudar.com.br\/index.php\/wp-json\/wp\/v2\/tags?post=12046"}],"curies":[{"name":"wp","href":"https:\/\/api.w.org\/{rel}","templated":true}]}}