{"id":12043,"date":"2024-09-15T10:00:00","date_gmt":"2024-09-15T13:00:00","guid":{"rendered":"https:\/\/sgvaimudar.com.br\/?p=12043"},"modified":"2024-09-15T06:47:53","modified_gmt":"2024-09-15T09:47:53","slug":"operacao-conjunta-prende-dois-homens-em-flagrante-por-venda-de-materiais-falsificados-do-rock-in-rio","status":"publish","type":"post","link":"https:\/\/sgvaimudar.com.br\/index.php\/2024\/09\/15\/operacao-conjunta-prende-dois-homens-em-flagrante-por-venda-de-materiais-falsificados-do-rock-in-rio\/","title":{"rendered":"Opera\u00e7\u00e3o conjunta prende dois homens em flagrante por venda de materiais falsificados do Rock In Rio"},"content":{"rendered":"\n<p>Policiais civis da Delegacia de Repress\u00e3o aos Crimes Contra a Propriedade Imaterial (DRCPIM), em a\u00e7\u00e3o conjunta com a Coordenadoria de Seguran\u00e7a e Intelig\u00eancia (CSI), do Minist\u00e9rio P\u00fablico, e a Promotoria do Juizado Especial Criminal (Jecrim) da Barra da Tijuca, prenderam dois homens em flagrante, nesta sexta-feira (13\/09), por comercializarem produtos falsificados da marca Rock In Rio.<\/p>\n\n\n\n<p>Munidos de informa\u00e7\u00f5es de intelig\u00eancia, as equipes foram ao local e encontraram a dupla perto do local do evento, na Barra da Tijuca, Zona Oeste da capital. Eles estavam com mais de 5,3 mil copos, 185 bon\u00e9s falsificados e milhares de porta-copos da marca do festival de m\u00fasica. Ao serem interrogados, confessaram o ato.<\/p>\n\n\n\n<p>De acordo com as investiga\u00e7\u00f5es, a grande quantidade de material seria distribu\u00edda para vendedores ambulantes revenderem ao longo do primeiro fim de semana do evento, que come\u00e7ou nesta sexta-feira e ser\u00e1 realizado ao longo de sete dias.<\/p>\n\n\n\n<p>Eles foram conduzidos para uma base da Pol\u00edcia Civil dentro da Cidade do Rock, onde a ocorr\u00eancia foi confeccionada. O material foi apreendido e ser\u00e1 periciado. A dupla vai responder pelo crime de vender produto assinalado com marca ilicitamente reproduzida ou imitada de outrem.<\/p>\n\n\n\n<p><strong>Pol\u00edcia Civil ter\u00e1 esquema especial para os dias de Rock in Rio<br><\/strong><br>A Secretaria de Estado de Pol\u00edcia Civil (Sepol) est\u00e1 atuando com esquema especial durante os sete dias de Rock in Rio. Ao todo, ser\u00e3o 1.675 agentes mobilizados, sendo 714 exclusivamente no interior do evento \u2013 um aumento de 30% em rela\u00e7\u00e3o \u00e0 edi\u00e7\u00e3o anterior. Na Cidade do Rock, foi instalada uma proje\u00e7\u00e3o da 16\u00aa DP (Barra da Tijuca) para atender \u00e0s ocorr\u00eancias que porventura aconte\u00e7am.<\/p>\n\n\n\n<p>A institui\u00e7\u00e3o vai disponibilizar, ainda, agentes nos sete pontos de atendimento do evento, onde ser\u00e3o disponibilizados tablets para registros de ocorr\u00eancia on-line. Os policiais atuar\u00e3o no acolhimento, orienta\u00e7\u00e3o e aux\u00edlio para confec\u00e7\u00e3o dos ROs.<\/p>\n\n\n\n<p>Outra frente de atua\u00e7\u00e3o da Sepol ser\u00e1 na oitiva especializada de pessoas em situa\u00e7\u00e3o de vulnerabilidade, com policiais de delegacias especializadas como Atendimento \u00e0 Mulher (Deam), Crian\u00e7a e Adolescente V\u00edtima (DCAV), Atendimento \u00e0 Pessoa da Terceira Idade (Deapti), Apoio ao Turismo (Deat), Crimes Raciais e Delitos de Intoler\u00e2ncia (Decradi). Peritos criminais e legistas tamb\u00e9m estar\u00e3o da Cidade do Rock.<\/p>\n\n\n\n<p>Nas imedia\u00e7\u00f5es, a 32\u00aa DP (Taquara) e a 42\u00aa DP (Recreio dos Bandeirantes) est\u00e3o com refor\u00e7o no efetivo. Nesta \u00faltima, funciona a Central de Flagrantes Extraordin\u00e1ria. A Delegacia Especial de Apoio ao Turismo (Deat) tamb\u00e9m recebeu apoio extra nos plant\u00f5es, tendo em vista a chegada de muitos turistas na cidade.<\/p>\n\n\n\n<p><strong>Preven\u00e7\u00e3o<\/strong>&nbsp;\u2013 A Subsecretaria de Intelig\u00eancia (Ssinte) da Pol\u00edcia Civil iniciou o monitoramento de quadrilhas especializadas em furtos e roubos, que atuam em grandes eventos, antes mesmo do in\u00edcio do Rock in Rio. Inclusive, grupos de outros estados e pa\u00edses. A Delegacia de Repress\u00e3o a Crimes de Inform\u00e1tica (DRCI) apoia as a\u00e7\u00f5es preventivas.<\/p>\n\n\n\n<p>A Subsecretaria de Planejamento e Integra\u00e7\u00e3o Operacional (SSPIO) coordena a opera\u00e7\u00e3o da Pol\u00edcia Civil. Tamb\u00e9m participam do esquema especial agentes da Delegacia de Prote\u00e7\u00e3o \u00e0 Crian\u00e7a e ao Adolescente (DPCA), da Delegacia do Consumidor (Decon), da Delegacia de Repress\u00e3o aos Crimes Contra a Propriedade Imaterial (DRCPIM), da Coordenadoria de Recursos Especiais (Core) \/ Esquadr\u00e3o Antibombas e da Coordenadoria de Fiscaliza\u00e7\u00e3o de Armas e Explosivos (CFAE).<\/p>\n\n\n\n<p><strong><em><sup>S\u00e3o Gon\u00e7alo Vai Mudar. O Maior Portal da Cidade.<\/sup><\/em><\/strong><\/p>\n\n\n\n<figure class=\"wp-block-image size-full\"><img decoding=\"async\" width=\"251\" height=\"88\" src=\"https:\/\/sgvaimudar.com.br\/wp-content\/uploads\/2023\/08\/Logo.png\" alt=\"\" class=\"wp-image-2738\" \/><\/figure>\n","protected":false},"excerpt":{"rendered":"<p>Policiais civis da Delegacia de Repress\u00e3o aos Crimes Contra a Propriedade Imaterial (DRCPIM), em a\u00e7\u00e3o conjunta com a Coordenadoria de&hellip;<\/p>\n","protected":false},"author":5,"featured_media":12044,"comment_status":"open","ping_status":"open","sticky":false,"template":"","format":"standard","meta":{"fifu_image_url":"","fifu_image_alt":"","footnotes":""},"categories":[32],"tags":[],"class_list":["post-12043","post","type-post","status-publish","format-standard","has-post-thumbnail","hentry","category-casos-de-policia"],"_links":{"self":[{"href":"https:\/\/sgvaimudar.com.br\/index.php\/wp-json\/wp\/v2\/posts\/12043","targetHints":{"allow":["GET"]}}],"collection":[{"href":"https:\/\/sgvaimudar.com.br\/index.php\/wp-json\/wp\/v2\/posts"}],"about":[{"href":"https:\/\/sgvaimudar.com.br\/index.php\/wp-json\/wp\/v2\/types\/post"}],"author":[{"embeddable":true,"href":"https:\/\/sgvaimudar.com.br\/index.php\/wp-json\/wp\/v2\/users\/5"}],"replies":[{"embeddable":true,"href":"https:\/\/sgvaimudar.com.br\/index.php\/wp-json\/wp\/v2\/comments?post=12043"}],"version-history":[{"count":1,"href":"https:\/\/sgvaimudar.com.br\/index.php\/wp-json\/wp\/v2\/posts\/12043\/revisions"}],"predecessor-version":[{"id":12045,"href":"https:\/\/sgvaimudar.com.br\/index.php\/wp-json\/wp\/v2\/posts\/12043\/revisions\/12045"}],"wp:featuredmedia":[{"embeddable":true,"href":"https:\/\/sgvaimudar.com.br\/index.php\/wp-json\/wp\/v2\/media\/12044"}],"wp:attachment":[{"href":"https:\/\/sgvaimudar.com.br\/index.php\/wp-json\/wp\/v2\/media?parent=12043"}],"wp:term":[{"taxonomy":"category","embeddable":true,"href":"https:\/\/sgvaimudar.com.br\/index.php\/wp-json\/wp\/v2\/categories?post=12043"},{"taxonomy":"post_tag","embeddable":true,"href":"https:\/\/sgvaimudar.com.br\/index.php\/wp-json\/wp\/v2\/tags?post=12043"}],"curies":[{"name":"wp","href":"https:\/\/api.w.org\/{rel}","templated":true}]}}