{"id":12040,"date":"2024-09-15T09:30:00","date_gmt":"2024-09-15T12:30:00","guid":{"rendered":"https:\/\/sgvaimudar.com.br\/?p=12040"},"modified":"2024-09-15T06:42:54","modified_gmt":"2024-09-15T09:42:54","slug":"governador-do-rio-fecha-parques-para-combate-a-incendios-e-secretarios-sobrevoam-areas-com-focos","status":"publish","type":"post","link":"https:\/\/sgvaimudar.com.br\/index.php\/2024\/09\/15\/governador-do-rio-fecha-parques-para-combate-a-incendios-e-secretarios-sobrevoam-areas-com-focos\/","title":{"rendered":"Governador do Rio fecha parques para combate a inc\u00eandios e secret\u00e1rios sobrevoam \u00e1reas com focos"},"content":{"rendered":"\n<p><em>Governador se re\u00fane com Gabinete de Crise nesta segunda-feira para avaliar situa\u00e7\u00e3o e intensificar a\u00e7\u00f5es<\/em><\/p>\n\n\n\n<p>\u00a0O Governo do Estado anunciou, neste s\u00e1bado, o fechamento de todas as 40 unidades de conserva\u00e7\u00e3o estaduais, sendo 20 parques que t\u00eam visita\u00e7\u00e3o p\u00fablica. A medida visa refor\u00e7ar o combate a focos de inc\u00eandios florestais.<\/p>\n\n\n\n<figure class=\"wp-block-video\"><video controls src=\"https:\/\/sgvaimudar.com.br\/2f390697-7871-47ca-b862-81c697541a4f\"><\/video><\/figure>\n\n\n\n<p>S\u00f3 nos \u00faltimos dias, o Estado do Rio de Janeiro registrou 779 focos. Na \u00faltima sexta-feira, o Corpo de Bombeiros Militar do Estado do Rio de Janeiro teve que combater 345 focos e extinguiu 333.\u00a0\u00a0<\/p>\n\n\n\n<p>Na pr\u00f3xima segunda-feira (16\/09), o governador Cl\u00e1udio Castro se reunir\u00e1 com um gabinete de crise, um comit\u00ea criado especificamente para agilizar o controle de inc\u00eandios florestais. <\/p>\n\n\n\n<p>No in\u00edcio da tarde deste s\u00e1bado, os secret\u00e1rios estaduais de Ambiente e Sustentabilidade, Bernardo Rossi; e o de Defesa Civil e comandante-geral do Corpo de Bombeiros, coronel Tarciso Salles; e o de sobrevoaram \u00e1reas atingidas pelas chamas.<\/p>\n\n\n\n<p>&#8211; A decis\u00e3o de fechar os parques visa voltar os esfor\u00e7os para o combate aos inc\u00eandios que t\u00eam ocorrido nos \u00faltimos dias. E garantir a seguran\u00e7a de fam\u00edlias e demais frequentadores destas \u00e1reas. O fechamento dos parques \u00e9 importante para extinguir e prevenir inc\u00eandios nas matas. \u00c9 importante lembrar que qualquer pessoa que avistar um inc\u00eandio deve ligar para o n\u00famero 193 e informar a corpora\u00e7\u00e3o &#8211; destacou Cl\u00e1udio Castro.<\/p>\n\n\n\n<p>Os bombeiros vem atuando por terra e pelo ar, com equipamentos de alta tecnologia, como materiais espec\u00edficos para o combate \u00e0s ocorr\u00eancias de fogo em vegeta\u00e7\u00e3o, drones com c\u00e2mera t\u00e9rmica para monitoramento das \u00e1reas afetadas, al\u00e9m de aeronaves com capacidade para transporte de at\u00e9 1.200 litros de \u00e1gua para ataque direto aos focos em locais de dif\u00edcil acesso. <\/p>\n\n\n\n<p>O Corpo de Bombeiros acompanha os pontos considerados mais cr\u00edticos, como a Serra da Beleza, em Valen\u00e7a, onde o combate \u00e0s chamas j\u00e1 dura alguns dias.<\/p>\n\n\n\n<p>O coronel Tarciso Salles ressaltou a import\u00e2ncia do combate por terra e por ar.\u00a0<br>&#8211; As nossas aeronaves s\u00e3o ferramentas muito importantes, porque muitos focos de inc\u00eandio est\u00e3o no topo das montanhas, em locais de dif\u00edcil acesso. Ent\u00e3o, fazemos o combate terrestre e tamb\u00e9m a\u00e9reo com a utiliza\u00e7\u00e3o de helic\u00f3pteros e tamb\u00e9m dos nossos drones, que fazem o monitoramento &#8211; frisou.<\/p>\n\n\n\n<p>O secret\u00e1rio estadual de Ambiente e Sustentabilidade, Bernardo Rossi, refor\u00e7ou o empenho do Governo do Estado em reprimir os crimes ambientais. &#8211; Estamos com uma parceria muito grande com a Delegacia de Prote\u00e7\u00e3o ao Meio Ambiente. Pedimos que as pessoas denunciem, porque, infelizmente, tem muita gente que aproveita os momentos de seca para fazer queimadas\u201d, afirmou o secret\u00e1rio.<\/p>\n\n\n\n<p><strong>Investimentos<\/strong><br>O Governo do Estado j\u00e1 investiu mais de 1 bilh\u00e3o de reais na corpora\u00e7\u00e3o, sendo 115 milh\u00f5es de reais diretamente no refor\u00e7o operacional, visando ao combate a inc\u00eandios florestais. O Corpo de Bombeiros Militar do Estado do Rio de Janeiro conta hoje com o maior efetivo do pa\u00eds e com viaturas e equipamentos de \u00faltima gera\u00e7\u00e3o\u00a0 adquiridos.\u00a0<\/p>\n\n\n\n<p>A corpora\u00e7\u00e3o atendeu mais de 16.500 ocorr\u00eancias de fogo e vegeta\u00e7\u00e3o em todo o territ\u00f3rio fluminense, um aumento de mais de 95% em rela\u00e7\u00e3o ao mesmo per\u00edodo do ano passado. <\/p>\n\n\n\n<p>Em campo, os militares contam com uma s\u00e9rie de ferramentas novas, como motobombas port\u00e1teis, abafadores, bombas costais, foices, enxadas, enxad\u00f5es, p\u00e1s de campanha, al\u00e9m de tanques flex\u00edveis com capacidade de 25 mil litros, que permitem o abastecimento de \u00e1gua pelos helic\u00f3pteros da corpora\u00e7\u00e3o.<\/p>\n\n\n\n<p><strong><em><sub>S\u00e3o Gon\u00e7alo Vai Mudar. O Maior Portal da Cidade.<\/sub><\/em><\/strong><\/p>\n\n\n\n<figure class=\"wp-block-image size-full\"><img decoding=\"async\" width=\"251\" height=\"88\" src=\"https:\/\/sgvaimudar.com.br\/wp-content\/uploads\/2023\/08\/Logo.png\" alt=\"\" class=\"wp-image-2738\" \/><\/figure>\n","protected":false},"excerpt":{"rendered":"<p>Governador se re\u00fane com Gabinete de Crise nesta segunda-feira para avaliar situa\u00e7\u00e3o e intensificar a\u00e7\u00f5es \u00a0O Governo do Estado anunciou,&hellip;<\/p>\n","protected":false},"author":5,"featured_media":12041,"comment_status":"open","ping_status":"open","sticky":false,"template":"","format":"standard","meta":{"fifu_image_url":"","fifu_image_alt":"","footnotes":""},"categories":[4],"tags":[],"class_list":["post-12040","post","type-post","status-publish","format-standard","has-post-thumbnail","hentry","category-brasil"],"_links":{"self":[{"href":"https:\/\/sgvaimudar.com.br\/index.php\/wp-json\/wp\/v2\/posts\/12040","targetHints":{"allow":["GET"]}}],"collection":[{"href":"https:\/\/sgvaimudar.com.br\/index.php\/wp-json\/wp\/v2\/posts"}],"about":[{"href":"https:\/\/sgvaimudar.com.br\/index.php\/wp-json\/wp\/v2\/types\/post"}],"author":[{"embeddable":true,"href":"https:\/\/sgvaimudar.com.br\/index.php\/wp-json\/wp\/v2\/users\/5"}],"replies":[{"embeddable":true,"href":"https:\/\/sgvaimudar.com.br\/index.php\/wp-json\/wp\/v2\/comments?post=12040"}],"version-history":[{"count":1,"href":"https:\/\/sgvaimudar.com.br\/index.php\/wp-json\/wp\/v2\/posts\/12040\/revisions"}],"predecessor-version":[{"id":12042,"href":"https:\/\/sgvaimudar.com.br\/index.php\/wp-json\/wp\/v2\/posts\/12040\/revisions\/12042"}],"wp:featuredmedia":[{"embeddable":true,"href":"https:\/\/sgvaimudar.com.br\/index.php\/wp-json\/wp\/v2\/media\/12041"}],"wp:attachment":[{"href":"https:\/\/sgvaimudar.com.br\/index.php\/wp-json\/wp\/v2\/media?parent=12040"}],"wp:term":[{"taxonomy":"category","embeddable":true,"href":"https:\/\/sgvaimudar.com.br\/index.php\/wp-json\/wp\/v2\/categories?post=12040"},{"taxonomy":"post_tag","embeddable":true,"href":"https:\/\/sgvaimudar.com.br\/index.php\/wp-json\/wp\/v2\/tags?post=12040"}],"curies":[{"name":"wp","href":"https:\/\/api.w.org\/{rel}","templated":true}]}}