{"id":12038,"date":"2024-09-15T09:00:00","date_gmt":"2024-09-15T12:00:00","guid":{"rendered":"https:\/\/sgvaimudar.com.br\/?p=12038"},"modified":"2024-09-15T06:33:37","modified_gmt":"2024-09-15T09:33:37","slug":"homem-e-preso-em-niteroi-por-ameacar-e-perseguir-a-ex-namorada","status":"publish","type":"post","link":"https:\/\/sgvaimudar.com.br\/index.php\/2024\/09\/15\/homem-e-preso-em-niteroi-por-ameacar-e-perseguir-a-ex-namorada\/","title":{"rendered":"Homem \u00e9 preso em Niter\u00f3i por amea\u00e7ar e perseguir a ex-namorada"},"content":{"rendered":"\n<p>Um homem de 41 anos com mandado de pris\u00e3o em aberto por descumprimento de medida protetiva foi preso por policiais do Seguran\u00e7a Presente, neste s\u00e1bado (14). A pris\u00e3o ocorreu na Rua Marques de Caxias, esquina com \u00c1urea Lima, no Centro de Niter\u00f3i. O acusado possui anota\u00e7\u00f5es criminais por amea\u00e7a.<\/p>\n\n\n\n<p>Ap\u00f3s levantamento do servi\u00e7o de intelig\u00eancia, a equipe do Niter\u00f3i Presente localizou o homem e confirmou o mandado de pris\u00e3o.<\/p>\n\n\n\n<p>A v\u00edtima, que registrou a ocorr\u00eancia em 16\/08\/2024, relatou ter mantido um relacionamento com o acusado por 6 anos. Ela informou que o homem n\u00e3o aceitava o t\u00e9rmino do relacionamento, frequentemente questionava sobre seus novos relacionamentos, a perseguia, agredia verbalmente e a amea\u00e7ava.<\/p>\n\n\n\n<p>Em 29\/08\/2024, a v\u00edtima registrou uma nova ocorr\u00eancia informando que o acusado continuava a desrespeitar a medida protetiva, que pro\u00edbe qualquer contato com ela. Segundo a v\u00edtima, o acusado ignorou essas ordens e ainda ironizou as determina\u00e7\u00f5es.<\/p>\n\n\n\n<p>Diante dos fatos, o homem foi conduzido \u00e0 76\u00aa DP, onde permanece preso \u00e0 disposi\u00e7\u00e3o da justi\u00e7a.<\/p>\n\n\n\n<p><strong><em><sup>S\u00e3o Gon\u00e7alo Vai Mudar. O Maior Portal da Cidade.<\/sup><\/em><\/strong><\/p>\n\n\n\n<figure class=\"wp-block-image size-full\"><img decoding=\"async\" width=\"251\" height=\"88\" src=\"https:\/\/sgvaimudar.com.br\/wp-content\/uploads\/2023\/08\/Logo.png\" alt=\"\" class=\"wp-image-2738\" \/><\/figure>\n","protected":false},"excerpt":{"rendered":"<p>Um homem de 41 anos com mandado de pris\u00e3o em aberto por descumprimento de medida protetiva foi preso por policiais&hellip;<\/p>\n","protected":false},"author":5,"featured_media":10095,"comment_status":"open","ping_status":"open","sticky":false,"template":"","format":"standard","meta":{"fifu_image_url":"","fifu_image_alt":"","footnotes":""},"categories":[32],"tags":[],"class_list":["post-12038","post","type-post","status-publish","format-standard","has-post-thumbnail","hentry","category-casos-de-policia"],"_links":{"self":[{"href":"https:\/\/sgvaimudar.com.br\/index.php\/wp-json\/wp\/v2\/posts\/12038","targetHints":{"allow":["GET"]}}],"collection":[{"href":"https:\/\/sgvaimudar.com.br\/index.php\/wp-json\/wp\/v2\/posts"}],"about":[{"href":"https:\/\/sgvaimudar.com.br\/index.php\/wp-json\/wp\/v2\/types\/post"}],"author":[{"embeddable":true,"href":"https:\/\/sgvaimudar.com.br\/index.php\/wp-json\/wp\/v2\/users\/5"}],"replies":[{"embeddable":true,"href":"https:\/\/sgvaimudar.com.br\/index.php\/wp-json\/wp\/v2\/comments?post=12038"}],"version-history":[{"count":1,"href":"https:\/\/sgvaimudar.com.br\/index.php\/wp-json\/wp\/v2\/posts\/12038\/revisions"}],"predecessor-version":[{"id":12039,"href":"https:\/\/sgvaimudar.com.br\/index.php\/wp-json\/wp\/v2\/posts\/12038\/revisions\/12039"}],"wp:featuredmedia":[{"embeddable":true,"href":"https:\/\/sgvaimudar.com.br\/index.php\/wp-json\/wp\/v2\/media\/10095"}],"wp:attachment":[{"href":"https:\/\/sgvaimudar.com.br\/index.php\/wp-json\/wp\/v2\/media?parent=12038"}],"wp:term":[{"taxonomy":"category","embeddable":true,"href":"https:\/\/sgvaimudar.com.br\/index.php\/wp-json\/wp\/v2\/categories?post=12038"},{"taxonomy":"post_tag","embeddable":true,"href":"https:\/\/sgvaimudar.com.br\/index.php\/wp-json\/wp\/v2\/tags?post=12038"}],"curies":[{"name":"wp","href":"https:\/\/api.w.org\/{rel}","templated":true}]}}