{"id":12018,"date":"2024-09-14T19:00:00","date_gmt":"2024-09-14T22:00:00","guid":{"rendered":"https:\/\/sgvaimudar.com.br\/?p=12018"},"modified":"2024-09-14T09:56:57","modified_gmt":"2024-09-14T12:56:57","slug":"tre-rj-divulga-itinerarios-do-transporte-coletivo-gratuito-para-os-dias-de-votacao","status":"publish","type":"post","link":"https:\/\/sgvaimudar.com.br\/index.php\/2024\/09\/14\/tre-rj-divulga-itinerarios-do-transporte-coletivo-gratuito-para-os-dias-de-votacao\/","title":{"rendered":"TRE-RJ divulga itiner\u00e1rios do transporte coletivo\u00a0 gratuito para os dias de vota\u00e7\u00e3o"},"content":{"rendered":"\n<p><em>Linhas e hor\u00e1rios informados pelos munic\u00edpios j\u00e1 podem ser consultados no portal da Justi\u00e7a Eleitoral do Rio de Janeiro<\/em><\/p>\n\n\n\n<p>Nas Elei\u00e7\u00f5es 2024, eleitoras e eleitores de todo o estado contar\u00e3o com transporte coletivo municipal e intermunicipal gratuito nos dias de vota\u00e7\u00e3o. A medida \u00e9 fruto de uma determina\u00e7\u00e3o do Supremo Tribunal Federal (STF), regulamentada pelo Tribunal Superior Eleitoral (TSE), para garantir que todo o eleitorado participe do pleito, independentemente de condi\u00e7\u00e3o econ\u00f4mica ou localiza\u00e7\u00e3o moment\u00e2nea.\u00a0<\/p>\n\n\n\n<p>A suspens\u00e3o de cobran\u00e7a de tarifa vale para todos os modais: \u00f4nibus municipal e intermunicipal, trem, barcas, servi\u00e7os de BRT e VLT. A norma estabelece que os servi\u00e7os sejam oferecidos com frequ\u00eancia compat\u00edvel com a dos dias \u00fateis.<\/p>\n\n\n\n<p>Os munic\u00edpios foram questionados pelas Zonas Eleitorais e responderam com of\u00edcios, informando linhas, hor\u00e1rios e itiner\u00e1rios, que podem ser consultado no portal do TRE-RJ. O espa\u00e7o ser\u00e1 atualizado com novas comunica\u00e7\u00f5es, conforme sejam enviadas pelas prefeituras, concession\u00e1rias ou pelo governo do estado.\u00a0<\/p>\n\n\n\n<p>Presidente do TRE-RJ, o desembargador Henrique Carlos de Andrade Figueira exalta a novidade como um avan\u00e7o na garantia do acesso \u00e0 cidadania.&nbsp;<\/p>\n\n\n\n<p>\u201cA gratuidade no transporte coletivo protege o eleitor financeiramente vulner\u00e1vel, inibindo o chamado \u2018voto de cabresto\u2019. Sem precisar pagar a tarifa do coletivo, ele n\u00e3o depender\u00e1 de ningu\u00e9m para exercer seu direito-dever do voto, o que pode contribuir tamb\u00e9m para a redu\u00e7\u00e3o do \u00edndice de absten\u00e7\u00e3o\u201d, avalia o desembargador.&nbsp;<\/p>\n\n\n\n<p>A oferta de transporte de eleitores por candidatos, partidos pol\u00edticos ou federa\u00e7\u00f5es partid\u00e1rias segue proibida.&nbsp;<\/p>\n\n\n\n<p>Na Capital, onde est\u00e1 o maior contingente de eleitores do estado, cerca de cinco milh\u00f5es, a gratuidade de \u00f4nibus municipais, BRT e VLT ocorrer\u00e1 das 6h \u00e0s 20h do dia 6 de outubro, data de realiza\u00e7\u00e3o do primeiro turno. E, se houver segundo turno, os servi\u00e7os ser\u00e3o oferecidos nos mesmos moldes, no dia 27 de outubro.<\/p>\n\n\n\n<p>Em S\u00e3o Gon\u00e7alo, a Prefeitura,  suspendeu, por meio do decreto de n\u00famero 383\/2024, publicado em edi\u00e7\u00e3o extraordin\u00e1ria do Di\u00e1rio Oficial do munic\u00edpio desta sexta-feira (23), a cobran\u00e7a de tarifas de \u00f4nibus no munic\u00edpio nos dias de elei\u00e7\u00e3o.<\/p>\n\n\n\n<p>Com isso, os gon\u00e7alenses poder\u00e3o utilizar o transporte p\u00fablico de forma gratuita no munic\u00edpio das 7h \u00e0s 18h, no dia 6 de outubro, no primeiro turno das elei\u00e7\u00f5es, e no dia 27 de outubro, em caso de segundo turno. A medida visa tornar mais f\u00e1cil a locomo\u00e7\u00e3o para que todos os maiores de 18 anos consigam exercer o direito ao voto.<\/p>\n\n\n\n<p>A medida cumpre o artigo 30, V, da Constitui\u00e7\u00e3o Federal de 1988, que determina que os munic\u00edpios devem organizar e prestar, diretamente ou sob regime de concess\u00e3o ou permiss\u00e3o, os servi\u00e7os p\u00fablicos de interesse local, inclu\u00eddo o de transporte coletivo, que tem car\u00e1ter essencial.<\/p>\n\n\n\n<p>O certame obedece tamb\u00e9m a Resolu\u00e7\u00e3o do TSE n\u00ba 23.736, de 23 de fevereiro de 2024, que determina que o poder p\u00fablico do munic\u00edpio deve adotar provid\u00eancias necess\u00e1rias para assegurar, nos dias de vota\u00e7\u00e3o, a oferta gratuita de transporte coletivo urbano municipal.<\/p>\n\n\n\n<p>Al\u00e9m disso, os \u00f4nibus e linhas municipais v\u00e3o operar com 100% da frota que \u00e9 disponibilizada em dias \u00fateis para que possa atender ao fluxo extraordin\u00e1rio de pessoas em tr\u00e2nsito para suas respectivas zonas eleitorais. A Secretaria de Transportes estar\u00e1 com as equipes nas ruas para fiscalizar o servi\u00e7o.<\/p>\n\n\n\n<p><strong><em><sup>S\u00e3o Gon\u00e7alo Vai Mudar. O Maior Portal da Cidade.<\/sup><\/em><\/strong><\/p>\n\n\n\n<figure class=\"wp-block-image size-full\"><img decoding=\"async\" width=\"251\" height=\"88\" src=\"https:\/\/sgvaimudar.com.br\/wp-content\/uploads\/2023\/08\/Logo.png\" alt=\"\" class=\"wp-image-2738\" \/><\/figure>\n","protected":false},"excerpt":{"rendered":"<p>Linhas e hor\u00e1rios informados pelos munic\u00edpios j\u00e1 podem ser consultados no portal da Justi\u00e7a Eleitoral do Rio de Janeiro Nas&hellip;<\/p>\n","protected":false},"author":5,"featured_media":12019,"comment_status":"open","ping_status":"open","sticky":false,"template":"","format":"standard","meta":{"fifu_image_url":"","fifu_image_alt":"","footnotes":""},"categories":[4],"tags":[],"class_list":["post-12018","post","type-post","status-publish","format-standard","has-post-thumbnail","hentry","category-brasil"],"_links":{"self":[{"href":"https:\/\/sgvaimudar.com.br\/index.php\/wp-json\/wp\/v2\/posts\/12018","targetHints":{"allow":["GET"]}}],"collection":[{"href":"https:\/\/sgvaimudar.com.br\/index.php\/wp-json\/wp\/v2\/posts"}],"about":[{"href":"https:\/\/sgvaimudar.com.br\/index.php\/wp-json\/wp\/v2\/types\/post"}],"author":[{"embeddable":true,"href":"https:\/\/sgvaimudar.com.br\/index.php\/wp-json\/wp\/v2\/users\/5"}],"replies":[{"embeddable":true,"href":"https:\/\/sgvaimudar.com.br\/index.php\/wp-json\/wp\/v2\/comments?post=12018"}],"version-history":[{"count":1,"href":"https:\/\/sgvaimudar.com.br\/index.php\/wp-json\/wp\/v2\/posts\/12018\/revisions"}],"predecessor-version":[{"id":12020,"href":"https:\/\/sgvaimudar.com.br\/index.php\/wp-json\/wp\/v2\/posts\/12018\/revisions\/12020"}],"wp:featuredmedia":[{"embeddable":true,"href":"https:\/\/sgvaimudar.com.br\/index.php\/wp-json\/wp\/v2\/media\/12019"}],"wp:attachment":[{"href":"https:\/\/sgvaimudar.com.br\/index.php\/wp-json\/wp\/v2\/media?parent=12018"}],"wp:term":[{"taxonomy":"category","embeddable":true,"href":"https:\/\/sgvaimudar.com.br\/index.php\/wp-json\/wp\/v2\/categories?post=12018"},{"taxonomy":"post_tag","embeddable":true,"href":"https:\/\/sgvaimudar.com.br\/index.php\/wp-json\/wp\/v2\/tags?post=12018"}],"curies":[{"name":"wp","href":"https:\/\/api.w.org\/{rel}","templated":true}]}}