{"id":12007,"date":"2024-09-14T13:00:00","date_gmt":"2024-09-14T16:00:00","guid":{"rendered":"https:\/\/sgvaimudar.com.br\/?p=12007"},"modified":"2024-09-14T09:24:10","modified_gmt":"2024-09-14T12:24:10","slug":"camara-de-vereadores-de-niteroi-homenageia-jorge-roberto-saad-silveira","status":"publish","type":"post","link":"https:\/\/sgvaimudar.com.br\/index.php\/2024\/09\/14\/camara-de-vereadores-de-niteroi-homenageia-jorge-roberto-saad-silveira\/","title":{"rendered":"C\u00e2mara de Vereadores de Niter\u00f3i homenageia Jorge Roberto Saad Silveira"},"content":{"rendered":"\n<p><em>Sua gest\u00e3o foi marcada por medidas importantes<\/em><\/p>\n\n\n\n<p>A C\u00e2mara de Vereadores de Niter\u00f3i, concedeu, nesta quinta-feira, 12\/09, a medalha Jos\u00e9 Clemente Pereira ao Sr. Jorge Roberto Saad Silveira, pelos seus relevantes servi\u00e7os prestados.<\/p>\n\n\n\n<figure class=\"wp-block-image size-large\"><img fetchpriority=\"high\" decoding=\"async\" width=\"1024\" height=\"682\" src=\"https:\/\/sgvaimudar.com.br\/wp-content\/uploads\/2024\/09\/WhatsApp-Image-2024-09-12-at-20.10.45-1024x682.jpeg\" alt=\"\" class=\"wp-image-12008\" srcset=\"https:\/\/sgvaimudar.com.br\/wp-content\/uploads\/2024\/09\/WhatsApp-Image-2024-09-12-at-20.10.45-1024x682.jpeg 1024w, https:\/\/sgvaimudar.com.br\/wp-content\/uploads\/2024\/09\/WhatsApp-Image-2024-09-12-at-20.10.45-300x200.jpeg 300w, https:\/\/sgvaimudar.com.br\/wp-content\/uploads\/2024\/09\/WhatsApp-Image-2024-09-12-at-20.10.45-768x512.jpeg 768w, https:\/\/sgvaimudar.com.br\/wp-content\/uploads\/2024\/09\/WhatsApp-Image-2024-09-12-at-20.10.45-1536x1023.jpeg 1536w, https:\/\/sgvaimudar.com.br\/wp-content\/uploads\/2024\/09\/WhatsApp-Image-2024-09-12-at-20.10.45.jpeg 1600w\" sizes=\"(max-width: 1024px) 100vw, 1024px\" \/><\/figure>\n\n\n\n<p>Ao longo de sua trajet\u00f3ria pol\u00edtica, Jorge Roberto foi deputado estadual por dois mandatos, secret\u00e1rio estadual de Esporte e Lazer durante o primeiro governo de Leonel Brizola e prefeito de Niter\u00f3i por quatro mandatos. <\/p>\n\n\n\n<p>Sua gest\u00e3o foi marcada por medidas como a constru\u00e7\u00e3o do Museu de Arte Contempor\u00e2nea de Niter\u00f3i (MAC), o Caminho Niemeyer, o Terminal Rodovi\u00e1rio Jo\u00e3o Goulart e as unidades do M\u00e9dico de Fam\u00edlia, o que justifica a homenagem recebida.<\/p>\n\n\n\n<figure class=\"wp-block-image size-large\"><img decoding=\"async\" width=\"1024\" height=\"682\" src=\"https:\/\/sgvaimudar.com.br\/wp-content\/uploads\/2024\/09\/WhatsApp-Image-2024-09-12-at-20.10.44-1024x682.jpeg\" alt=\"\" class=\"wp-image-12009\" srcset=\"https:\/\/sgvaimudar.com.br\/wp-content\/uploads\/2024\/09\/WhatsApp-Image-2024-09-12-at-20.10.44-1024x682.jpeg 1024w, https:\/\/sgvaimudar.com.br\/wp-content\/uploads\/2024\/09\/WhatsApp-Image-2024-09-12-at-20.10.44-300x200.jpeg 300w, https:\/\/sgvaimudar.com.br\/wp-content\/uploads\/2024\/09\/WhatsApp-Image-2024-09-12-at-20.10.44-768x512.jpeg 768w, https:\/\/sgvaimudar.com.br\/wp-content\/uploads\/2024\/09\/WhatsApp-Image-2024-09-12-at-20.10.44-1536x1023.jpeg 1536w, https:\/\/sgvaimudar.com.br\/wp-content\/uploads\/2024\/09\/WhatsApp-Image-2024-09-12-at-20.10.44.jpeg 1600w\" sizes=\"(max-width: 1024px) 100vw, 1024px\" \/><\/figure>\n\n\n\n<p>A medalha foi entregue no gabinete da presid\u00eancia da Casa pelos autores do projeto, o suplente Marcos Sabino e o vereador Binho Guimar\u00e3es. <\/p>\n\n\n\n<p>Tamb\u00e9m estiveram presentes na cerim\u00f4nia o presidente da C\u00e2mara, o vereador Milton Cal, o vice-presidente Renato Cariello, os vereadores Paulo Eduardo Gomes, Anderson Pipico e Paulo Velasco, os suplentes de vereador Jhonatan Anjos e T\u00e2nia Rodrigues e demais convidados, dentre eles o m\u00fasico Dalto Medeiros e S\u00e9rgio Marcolini, da Secretaria de Transportes do Estado do Rio de Janeiro.<\/p>\n\n\n\n<p><strong><em><sup>S\u00e3o Gon\u00e7alo Vai Mudar. O Maior Portal da Cidade.<\/sup><\/em><\/strong><\/p>\n\n\n\n<figure class=\"wp-block-image size-full\"><img decoding=\"async\" width=\"251\" height=\"88\" src=\"https:\/\/sgvaimudar.com.br\/wp-content\/uploads\/2023\/08\/Logo.png\" alt=\"\" class=\"wp-image-2738\" \/><\/figure>\n","protected":false},"excerpt":{"rendered":"<p>Sua gest\u00e3o foi marcada por medidas importantes A C\u00e2mara de Vereadores de Niter\u00f3i, concedeu, nesta quinta-feira, 12\/09, a medalha Jos\u00e9&hellip;<\/p>\n","protected":false},"author":5,"featured_media":12010,"comment_status":"open","ping_status":"open","sticky":false,"template":"","format":"standard","meta":{"fifu_image_url":"","fifu_image_alt":"","footnotes":""},"categories":[34],"tags":[],"class_list":["post-12007","post","type-post","status-publish","format-standard","has-post-thumbnail","hentry","category-niteroi"],"_links":{"self":[{"href":"https:\/\/sgvaimudar.com.br\/index.php\/wp-json\/wp\/v2\/posts\/12007","targetHints":{"allow":["GET"]}}],"collection":[{"href":"https:\/\/sgvaimudar.com.br\/index.php\/wp-json\/wp\/v2\/posts"}],"about":[{"href":"https:\/\/sgvaimudar.com.br\/index.php\/wp-json\/wp\/v2\/types\/post"}],"author":[{"embeddable":true,"href":"https:\/\/sgvaimudar.com.br\/index.php\/wp-json\/wp\/v2\/users\/5"}],"replies":[{"embeddable":true,"href":"https:\/\/sgvaimudar.com.br\/index.php\/wp-json\/wp\/v2\/comments?post=12007"}],"version-history":[{"count":1,"href":"https:\/\/sgvaimudar.com.br\/index.php\/wp-json\/wp\/v2\/posts\/12007\/revisions"}],"predecessor-version":[{"id":12011,"href":"https:\/\/sgvaimudar.com.br\/index.php\/wp-json\/wp\/v2\/posts\/12007\/revisions\/12011"}],"wp:featuredmedia":[{"embeddable":true,"href":"https:\/\/sgvaimudar.com.br\/index.php\/wp-json\/wp\/v2\/media\/12010"}],"wp:attachment":[{"href":"https:\/\/sgvaimudar.com.br\/index.php\/wp-json\/wp\/v2\/media?parent=12007"}],"wp:term":[{"taxonomy":"category","embeddable":true,"href":"https:\/\/sgvaimudar.com.br\/index.php\/wp-json\/wp\/v2\/categories?post=12007"},{"taxonomy":"post_tag","embeddable":true,"href":"https:\/\/sgvaimudar.com.br\/index.php\/wp-json\/wp\/v2\/tags?post=12007"}],"curies":[{"name":"wp","href":"https:\/\/api.w.org\/{rel}","templated":true}]}}