{"id":12002,"date":"2024-09-14T11:00:00","date_gmt":"2024-09-14T14:00:00","guid":{"rendered":"https:\/\/sgvaimudar.com.br\/?p=12002"},"modified":"2024-09-14T09:18:10","modified_gmt":"2024-09-14T12:18:10","slug":"novo-trecho-da-avenida-presidente-kennedy-comeca-a-ser-pavimentado","status":"publish","type":"post","link":"https:\/\/sgvaimudar.com.br\/index.php\/2024\/09\/14\/novo-trecho-da-avenida-presidente-kennedy-comeca-a-ser-pavimentado\/","title":{"rendered":"Novo trecho da Avenida Presidente Kennedy come\u00e7a a ser pavimentado"},"content":{"rendered":"\n<p><em>Interven\u00e7\u00f5es fazem parte da obra do novo corredor vi\u00e1rio<\/em><\/p>\n\n\n\n<p>A Prefeitura de S\u00e3o Gon\u00e7alo informou que um novo trecho da Avenida Presidente Kennedy, no Centro, come\u00e7ou a receber asfalto nesta manh\u00e3 de sexta-feira (13). Segundo o Executivo, as obras fazem parte do corredor vi\u00e1rio que vai ligar Neves ao bairro de Guaxindiba e que est\u00e1 sendo constru\u00eddo pela Secretaria de Estado das Cidades, em parceria com a Prefeitura. Agentes da Secretaria Municipal de Transportes est\u00e3o no local orientando os motoristas.<\/p>\n\n\n\n<figure class=\"wp-block-image size-full\"><img fetchpriority=\"high\" decoding=\"async\" width=\"1024\" height=\"683\" src=\"https:\/\/sgvaimudar.com.br\/wp-content\/uploads\/2024\/09\/unnamed-7-1.jpg\" alt=\"\" class=\"wp-image-12003\" srcset=\"https:\/\/sgvaimudar.com.br\/wp-content\/uploads\/2024\/09\/unnamed-7-1.jpg 1024w, https:\/\/sgvaimudar.com.br\/wp-content\/uploads\/2024\/09\/unnamed-7-1-300x200.jpg 300w, https:\/\/sgvaimudar.com.br\/wp-content\/uploads\/2024\/09\/unnamed-7-1-768x512.jpg 768w\" sizes=\"(max-width: 1024px) 100vw, 1024px\" \/><\/figure>\n\n\n\n<p>Segundo as informa\u00e7\u00f5es, o asfalto come\u00e7ou a ser colocado no trecho entre a Rua S\u00e1 Carvalho at\u00e9 o Espa\u00e7o Salvatori. A pavimenta\u00e7\u00e3o ir\u00e1 continuar pelos pr\u00f3ximos dias. No s\u00e1bado (14), a pavimenta\u00e7\u00e3o segue na mesma via, entre o Espa\u00e7o Salvatori e a Rua Zeferino Reis. No domingo (15), a obra avan\u00e7a at\u00e9 a Avenida Dezoito do Forte (atravessando-a). Na segunda (16), a pavimenta\u00e7\u00e3o da Avenida Presidente Kennedy acontece entre a Avenida Dezoito do Forte e o Clube Mau\u00e1.<\/p>\n\n\n\n<figure class=\"wp-block-image size-full\"><img decoding=\"async\" width=\"1024\" height=\"683\" src=\"https:\/\/sgvaimudar.com.br\/wp-content\/uploads\/2024\/09\/unnamed-6-3.jpg\" alt=\"\" class=\"wp-image-12005\" srcset=\"https:\/\/sgvaimudar.com.br\/wp-content\/uploads\/2024\/09\/unnamed-6-3.jpg 1024w, https:\/\/sgvaimudar.com.br\/wp-content\/uploads\/2024\/09\/unnamed-6-3-300x200.jpg 300w, https:\/\/sgvaimudar.com.br\/wp-content\/uploads\/2024\/09\/unnamed-6-3-768x512.jpg 768w\" sizes=\"(max-width: 1024px) 100vw, 1024px\" \/><\/figure>\n\n\n\n<p>A Prefeitura ressalta que, durante a coloca\u00e7\u00e3o do asfalto, os carros poder\u00e3o continuar circulando pelas vias mencionadas, mas com o n\u00famero de faixas reduzido. &#8220;A exce\u00e7\u00e3o ser\u00e1 no domingo (15), quando ser\u00e1 necess\u00e1rio o fechamento da Avenida Dezoito do Forte por um per\u00edodo de cerca de duas horas. Durante a interdi\u00e7\u00e3o, o tr\u00e2nsito ser\u00e1 desviado pela Avenida S\u00e3o Miguel, no sentido da Avenida Paula Lemos&#8221;, disse a Prefeitura na nota.<\/p>\n\n\n\n<p>A recomenda\u00e7\u00e3o \u00e9 que os motoristas evitem trafegar pelo local pelos pr\u00f3ximos dias at\u00e9 o t\u00e9rmino da pavimenta\u00e7\u00e3o.<\/p>\n\n\n\n<p><strong><em><sup>S\u00e3o Gon\u00e7alo Vai Mudar. O Maior Portal da Cidade.<\/sup><\/em><\/strong><\/p>\n\n\n\n<figure class=\"wp-block-image size-full\"><img decoding=\"async\" width=\"251\" height=\"88\" src=\"https:\/\/sgvaimudar.com.br\/wp-content\/uploads\/2023\/08\/Logo.png\" alt=\"\" class=\"wp-image-2738\" \/><\/figure>\n","protected":false},"excerpt":{"rendered":"<p>Interven\u00e7\u00f5es fazem parte da obra do novo corredor vi\u00e1rio A Prefeitura de S\u00e3o Gon\u00e7alo informou que um novo trecho da&hellip;<\/p>\n","protected":false},"author":5,"featured_media":12004,"comment_status":"open","ping_status":"open","sticky":false,"template":"","format":"standard","meta":{"fifu_image_url":"","fifu_image_alt":"","footnotes":""},"categories":[3],"tags":[],"class_list":["post-12002","post","type-post","status-publish","format-standard","has-post-thumbnail","hentry","category-sao-goncalo"],"_links":{"self":[{"href":"https:\/\/sgvaimudar.com.br\/index.php\/wp-json\/wp\/v2\/posts\/12002","targetHints":{"allow":["GET"]}}],"collection":[{"href":"https:\/\/sgvaimudar.com.br\/index.php\/wp-json\/wp\/v2\/posts"}],"about":[{"href":"https:\/\/sgvaimudar.com.br\/index.php\/wp-json\/wp\/v2\/types\/post"}],"author":[{"embeddable":true,"href":"https:\/\/sgvaimudar.com.br\/index.php\/wp-json\/wp\/v2\/users\/5"}],"replies":[{"embeddable":true,"href":"https:\/\/sgvaimudar.com.br\/index.php\/wp-json\/wp\/v2\/comments?post=12002"}],"version-history":[{"count":1,"href":"https:\/\/sgvaimudar.com.br\/index.php\/wp-json\/wp\/v2\/posts\/12002\/revisions"}],"predecessor-version":[{"id":12006,"href":"https:\/\/sgvaimudar.com.br\/index.php\/wp-json\/wp\/v2\/posts\/12002\/revisions\/12006"}],"wp:featuredmedia":[{"embeddable":true,"href":"https:\/\/sgvaimudar.com.br\/index.php\/wp-json\/wp\/v2\/media\/12004"}],"wp:attachment":[{"href":"https:\/\/sgvaimudar.com.br\/index.php\/wp-json\/wp\/v2\/media?parent=12002"}],"wp:term":[{"taxonomy":"category","embeddable":true,"href":"https:\/\/sgvaimudar.com.br\/index.php\/wp-json\/wp\/v2\/categories?post=12002"},{"taxonomy":"post_tag","embeddable":true,"href":"https:\/\/sgvaimudar.com.br\/index.php\/wp-json\/wp\/v2\/tags?post=12002"}],"curies":[{"name":"wp","href":"https:\/\/api.w.org\/{rel}","templated":true}]}}