{"id":11970,"date":"2024-09-13T16:00:00","date_gmt":"2024-09-13T19:00:00","guid":{"rendered":"https:\/\/sgvaimudar.com.br\/?p=11970"},"modified":"2024-09-13T11:36:41","modified_gmt":"2024-09-13T14:36:41","slug":"obras-de-corredor-viario-avancam-no-centro-de-sao-goncalo","status":"publish","type":"post","link":"https:\/\/sgvaimudar.com.br\/index.php\/2024\/09\/13\/obras-de-corredor-viario-avancam-no-centro-de-sao-goncalo\/","title":{"rendered":"Obras de corredor vi\u00e1rio avan\u00e7am no Centro de S\u00e3o Gon\u00e7alo"},"content":{"rendered":"\n<p><em>Interven\u00e7\u00f5es entram na fase de pavimenta\u00e7\u00e3o na Avenida Presidente Kennedy&nbsp;<\/em><\/p>\n\n\n\n<p>A partir desta sexta-feira (13), as obras do corredor vi\u00e1rio no Centro de S\u00e3o Gon\u00e7alo ir\u00e3o avan\u00e7ar, com a pavimenta\u00e7\u00e3o da Avenida Presidente Kennedy, no trecho entre o Clube Mau\u00e1 e a rua S\u00e1 Carvalho.<\/p>\n\n\n\n<p>Segundo a Prefeitura, as interven\u00e7\u00f5es ir\u00e3o impactar o tr\u00e2nsito na regi\u00e3o central. A Secretaria Municipal de Transportes estar\u00e1 com equipes no local, a fim de orientar os motoristas e garantir maior mobilidade dos gon\u00e7alenses.<\/p>\n\n\n\n<p>Nesta sexta-feira (13), a partir das 7h, o asfalto come\u00e7ou a ser implementado na Avenida Presidente Kennedy, na altura da Rua S\u00e1 Carvalho at\u00e9 o Espa\u00e7o Salvatori. <\/p>\n\n\n\n<p>Neste s\u00e1bado (14), a pavimenta\u00e7\u00e3o segue na mesma via, entre o Espa\u00e7o Salvatori e a Rua Zeferino Reis. No domingo (15), a obra avan\u00e7a at\u00e9 a Avenida Dezoito do Forte (atravessando-a). Na segunda (16), a pavimenta\u00e7\u00e3o da Avenida Presidente Kennedy acontece entre a Avenida Dezoito do Forte e o Clube Mau\u00e1.<\/p>\n\n\n\n<p>&#8220;Vale ressaltar que, durante a coloca\u00e7\u00e3o do asfalto, os carros poder\u00e3o continuar circulando pelas vias mencionadas, mas com o n\u00famero de faixas reduzido&#8221;, avisou o Executivo na nota. <\/p>\n\n\n\n<p>A exce\u00e7\u00e3o ser\u00e1 no domingo (15), quando ser\u00e1 necess\u00e1rio o fechamento da Avenida Dezoito do Forte por um per\u00edodo de cerca de duas horas. Durante a interdi\u00e7\u00e3o, o tr\u00e2nsito ser\u00e1 desviado pela Avenida S\u00e3o Miguel, no sentido da Avenida Paula Lemos.<\/p>\n\n\n\n<p><strong><em><sup>S\u00e3o Gon\u00e7alo Vai Mudar. O Maior Portal da Cidade.<\/sup><\/em><\/strong><\/p>\n\n\n\n<figure class=\"wp-block-image size-full\"><img decoding=\"async\" width=\"251\" height=\"88\" src=\"https:\/\/sgvaimudar.com.br\/wp-content\/uploads\/2023\/08\/Logo.png\" alt=\"\" class=\"wp-image-2738\" \/><\/figure>\n\n\n\n<p> <\/p>\n","protected":false},"excerpt":{"rendered":"<p>Interven\u00e7\u00f5es entram na fase de pavimenta\u00e7\u00e3o na Avenida Presidente Kennedy&nbsp; A partir desta sexta-feira (13), as obras do corredor vi\u00e1rio&hellip;<\/p>\n","protected":false},"author":5,"featured_media":11971,"comment_status":"open","ping_status":"open","sticky":false,"template":"","format":"standard","meta":{"fifu_image_url":"","fifu_image_alt":"","footnotes":""},"categories":[3],"tags":[],"class_list":["post-11970","post","type-post","status-publish","format-standard","has-post-thumbnail","hentry","category-sao-goncalo"],"_links":{"self":[{"href":"https:\/\/sgvaimudar.com.br\/index.php\/wp-json\/wp\/v2\/posts\/11970","targetHints":{"allow":["GET"]}}],"collection":[{"href":"https:\/\/sgvaimudar.com.br\/index.php\/wp-json\/wp\/v2\/posts"}],"about":[{"href":"https:\/\/sgvaimudar.com.br\/index.php\/wp-json\/wp\/v2\/types\/post"}],"author":[{"embeddable":true,"href":"https:\/\/sgvaimudar.com.br\/index.php\/wp-json\/wp\/v2\/users\/5"}],"replies":[{"embeddable":true,"href":"https:\/\/sgvaimudar.com.br\/index.php\/wp-json\/wp\/v2\/comments?post=11970"}],"version-history":[{"count":1,"href":"https:\/\/sgvaimudar.com.br\/index.php\/wp-json\/wp\/v2\/posts\/11970\/revisions"}],"predecessor-version":[{"id":11972,"href":"https:\/\/sgvaimudar.com.br\/index.php\/wp-json\/wp\/v2\/posts\/11970\/revisions\/11972"}],"wp:featuredmedia":[{"embeddable":true,"href":"https:\/\/sgvaimudar.com.br\/index.php\/wp-json\/wp\/v2\/media\/11971"}],"wp:attachment":[{"href":"https:\/\/sgvaimudar.com.br\/index.php\/wp-json\/wp\/v2\/media?parent=11970"}],"wp:term":[{"taxonomy":"category","embeddable":true,"href":"https:\/\/sgvaimudar.com.br\/index.php\/wp-json\/wp\/v2\/categories?post=11970"},{"taxonomy":"post_tag","embeddable":true,"href":"https:\/\/sgvaimudar.com.br\/index.php\/wp-json\/wp\/v2\/tags?post=11970"}],"curies":[{"name":"wp","href":"https:\/\/api.w.org\/{rel}","templated":true}]}}