{"id":11948,"date":"2024-09-13T09:46:30","date_gmt":"2024-09-13T12:46:30","guid":{"rendered":"https:\/\/sgvaimudar.com.br\/?p=11948"},"modified":"2024-09-13T09:51:47","modified_gmt":"2024-09-13T12:51:47","slug":"drfc-captura-na-praia-de-itacoatiara-o-traficante-do-mal-gerente-do-trafico-no-complexo-da-penha-e-braco-direito-dos-traficantes-doca-e-tirica-com-videos","status":"publish","type":"post","link":"https:\/\/sgvaimudar.com.br\/index.php\/2024\/09\/13\/drfc-captura-na-praia-de-itacoatiara-o-traficante-do-mal-gerente-do-trafico-no-complexo-da-penha-e-braco-direito-dos-traficantes-doca-e-tirica-com-videos\/","title":{"rendered":"DRFC captura na Praia de Itacoatiara o traficante &#8220;Do Mal&#8221;, gerente do tr\u00e1fico no Complexo da Penha e bra\u00e7o direito dos traficantes Doca e Tiri\u00e7a; com v\u00eddeos"},"content":{"rendered":"\n<p><em>Suspeito foi levado para o sistema penitenci\u00e1rio. Ele garantia que fosse realizado o transbordo de cargas dentro do complexo e era puxador de guerra e um dos homens de confian\u00e7a do Doca<\/em><\/p>\n\n\n\n<p>Apontado pela pol\u00edcia em raz\u00e3o de sua ativa participa\u00e7\u00e3o na coordena\u00e7\u00e3o de roubos de carga, o traficante Paulo Vitor Carvalho Jesus da Silva, conhecido como <strong><em>&#8220;Do Mal&#8221;<\/em><\/strong>, de 22 anos, foi preso, no in\u00edcio da noite desta quinta-feira (12), por agentes da Delegacia de Roubos e Furtos de Cargas (DRFC).<\/p>\n\n\n\n<figure class=\"wp-block-video\"><video height=\"480\" style=\"aspect-ratio: 848 \/ 480;\" width=\"848\" controls src=\"https:\/\/sgvaimudar.com.br\/wp-content\/uploads\/2024\/09\/WhatsApp-Video-2024-09-12-at-22.17.27-1.mp4\"><\/video><\/figure>\n\n\n\n<p>Paulo Vitor n\u00e3o reagiu \u00e0 pris\u00e3o, que, segundo a pol\u00edcia, foi precisa e sem qualquer efeito colateral. Segundo os policiais, ele foi surpreendido curtindo o dia de calor na praia em Itacoatiara, na Regi\u00e3o Oce\u00e2nica de Niter\u00f3i. O bandido \u00e9 apontado nas investiga\u00e7\u00f5es da Pol\u00edcia Civil como&nbsp;gerente do tr\u00e1fico no Complexo da Penha, sendo homem de confian\u00e7a do traficante Edgar Alves de Andrade, vulgos <em><strong>Doca<\/strong><\/em> ou <strong><em>Urso<\/em><\/strong>, l\u00edder maior do tr\u00e1fico no CPX Penha. <\/p>\n\n\n\n<figure class=\"wp-block-video\"><video height=\"480\" style=\"aspect-ratio: 848 \/ 480;\" width=\"848\" controls src=\"https:\/\/sgvaimudar.com.br\/wp-content\/uploads\/2024\/09\/WhatsApp-Video-2024-09-12-at-22.17.27.mp4\"><\/video><\/figure>\n\n\n\n<p>De acordo com o delegado Titular, F\u00e1bio Asty, <strong><em>&#8220;Do Mal&#8221;<\/em><\/strong> goza de grande prest\u00edgio junto ao traficante Bruno Silva Souza, vulgo <strong><em>Tiri\u00e7a<\/em><\/strong>, l\u00edder do tr\u00e1fico na na regi\u00e3o da Pra\u00e7a Seca e que tamb\u00e9m \u00e9 oriundo do CPX Penha. <\/p>\n\n\n\n<p>&#8220;O prest\u00edgio de <strong><em>&#8220;Do Mal&#8221;<\/em><\/strong> se d\u00e1 justamente em raz\u00e3o de ambos terem perfil de guerra, sendo &#8220;<strong><em>Do Mal<\/em><\/strong>&#8220;, um &#8216;puxador de bondes&#8217; de traficantes do Comando Vermelho (CV), travando verdadeiras guerras pelo dom\u00ednio territorial contra outras fac\u00e7\u00f5es e tamb\u00e9m contra a mil\u00edcia, em especial, na Pra\u00e7a Seca, em aux\u00edlio \u00e0 <strong>Tiri\u00e7a<\/strong>&#8220;, disse o delegado.<\/p>\n\n\n\n<p>Segundo a ocorr\u00eancia, obtida com exclusividade pelo SG Vai Mudar, <strong><em>&#8220;Do Mal&#8221;<\/em><\/strong>, vinha sendo monitorado pelos agentes da DRFC. Em raz\u00e3o de sua express\u00e3o no atual cen\u00e1rio do crime, &#8220;<strong><em>Do Mal&#8221;<\/em><\/strong> vinha intercalando sua presen\u00e7a entre os Complexos do Alem\u00e3o\/Penha e um local desconhecido no munic\u00edpio de S\u00e3o Gon\u00e7alo, seu munic\u00edpio de origem. <\/p>\n\n\n\n<p>&#8220;A pris\u00e3o de &#8220;<strong><em>Do Mal<\/em><\/strong>&#8221; \u00e9 de extrema import\u00e2ncia para a seguran\u00e7a p\u00fablica do Estado, visto que o mesmo possui perfil extremamente violento. Ele possui anota\u00e7\u00f5es criminais pelos crimes mencionados, havendo ainda em seu desfavor dois mandados de pris\u00e3o pendentes por roubo e extors\u00e3o&#8221;, disse o delegado assistente Luiz Eduardo Moura.<\/p>\n\n\n\n<p>&#8220;<em><strong>Do Mal&#8221;<\/strong><\/em>, foi encaminhado ao sistema penitenci\u00e1rio, onde permanecer\u00e1 acautelado, \u00e0 disposi\u00e7\u00e3o da Justi\u00e7a.<\/p>\n\n\n\n<p><strong>OPERA\u00c7\u00c3O TORNIQUETE<\/strong> &#8211; Segundo a DRFC, a Opera\u00e7\u00e3o Torniquete, tem o objetivo de reprimir os roubos, furtos e recepta\u00e7\u00f5es de cargas e ve\u00edculos, reduzindo os \u00edndices por meio da captura de indiv\u00edduos que atuam nessas modalidades criminosas.<\/p>\n\n\n\n<p><strong><em><sup>S\u00e3o Gon\u00e7alo Vai Mudar. O Maior Portal da Cidade.<\/sup><\/em><\/strong><\/p>\n\n\n\n<figure class=\"wp-block-image size-full\"><img decoding=\"async\" width=\"250\" height=\"87\" src=\"https:\/\/sgvaimudar.com.br\/wp-content\/uploads\/2023\/08\/cropped-Logo.png\" alt=\"\" class=\"wp-image-2739\" \/><\/figure>\n","protected":false},"excerpt":{"rendered":"<p>Suspeito foi levado para o sistema penitenci\u00e1rio. Ele garantia que fosse realizado o transbordo de cargas dentro do complexo e&hellip;<\/p>\n","protected":false},"author":5,"featured_media":11950,"comment_status":"open","ping_status":"open","sticky":false,"template":"","format":"standard","meta":{"fifu_image_url":"","fifu_image_alt":"","footnotes":""},"categories":[32],"tags":[],"class_list":["post-11948","post","type-post","status-publish","format-standard","has-post-thumbnail","hentry","category-casos-de-policia"],"_links":{"self":[{"href":"https:\/\/sgvaimudar.com.br\/index.php\/wp-json\/wp\/v2\/posts\/11948","targetHints":{"allow":["GET"]}}],"collection":[{"href":"https:\/\/sgvaimudar.com.br\/index.php\/wp-json\/wp\/v2\/posts"}],"about":[{"href":"https:\/\/sgvaimudar.com.br\/index.php\/wp-json\/wp\/v2\/types\/post"}],"author":[{"embeddable":true,"href":"https:\/\/sgvaimudar.com.br\/index.php\/wp-json\/wp\/v2\/users\/5"}],"replies":[{"embeddable":true,"href":"https:\/\/sgvaimudar.com.br\/index.php\/wp-json\/wp\/v2\/comments?post=11948"}],"version-history":[{"count":4,"href":"https:\/\/sgvaimudar.com.br\/index.php\/wp-json\/wp\/v2\/posts\/11948\/revisions"}],"predecessor-version":[{"id":11957,"href":"https:\/\/sgvaimudar.com.br\/index.php\/wp-json\/wp\/v2\/posts\/11948\/revisions\/11957"}],"wp:featuredmedia":[{"embeddable":true,"href":"https:\/\/sgvaimudar.com.br\/index.php\/wp-json\/wp\/v2\/media\/11950"}],"wp:attachment":[{"href":"https:\/\/sgvaimudar.com.br\/index.php\/wp-json\/wp\/v2\/media?parent=11948"}],"wp:term":[{"taxonomy":"category","embeddable":true,"href":"https:\/\/sgvaimudar.com.br\/index.php\/wp-json\/wp\/v2\/categories?post=11948"},{"taxonomy":"post_tag","embeddable":true,"href":"https:\/\/sgvaimudar.com.br\/index.php\/wp-json\/wp\/v2\/tags?post=11948"}],"curies":[{"name":"wp","href":"https:\/\/api.w.org\/{rel}","templated":true}]}}