{"id":11934,"date":"2024-09-13T08:38:42","date_gmt":"2024-09-13T11:38:42","guid":{"rendered":"https:\/\/sgvaimudar.com.br\/?p=11934"},"modified":"2024-09-13T08:39:53","modified_gmt":"2024-09-13T11:39:53","slug":"acusado-de-matar-taxista-durante-corrida-entre-itaperuna-e-niteroi-e-preso","status":"publish","type":"post","link":"https:\/\/sgvaimudar.com.br\/index.php\/2024\/09\/13\/acusado-de-matar-taxista-durante-corrida-entre-itaperuna-e-niteroi-e-preso\/","title":{"rendered":"Acusado de matar taxista durante corrida entre Itaperuna e Niter\u00f3i \u00e9 preso"},"content":{"rendered":"\n<p><em>Taxista, que aceitou a corrida, brigou com o acusado no meio do caminho que jogou o corpo amarrado no Jardim Catarina<\/em><\/p>\n\n\n\n<p>Os policiais civis da Delegacia de Homic\u00eddios de Niter\u00f3i, S\u00e3o Gon\u00e7alo e Itabora\u00ed (DHNSG) prenderam, nesta quinta-feira (12\/09),\u00a0um homem acusado de matar um taxista durante uma corrida entre a cidade de Itaperuna, no Noroeste do estado, e Niter\u00f3i, na Regi\u00e3o Metropolitana do Rio.<\/p>\n\n\n\n<p>O crime aconteceu em mar\u00e7o de 2018, quando o taxista, identificado como&nbsp;Samuel Jamil Ferreira da Silva, aceitou a corrida, em um percurso de&nbsp;cerca de 360 quil\u00f4metros. De acordo com a investiga\u00e7\u00e3o, eles iriam buscar uma pessoa e depois retornar para Itaperuna. No entanto, o motorista e&nbsp;o cliente&nbsp;discutiram&nbsp;e, durante a briga, a v\u00edtima foi esfaqueada.<\/p>\n\n\n\n<p>O corpo foi encontrado no bairro Jardim Catarina, em S\u00e3o Gon\u00e7alo, tamb\u00e9m na Regi\u00e3o Metropolitana. As m\u00e3os do taxista estavam, inclusive, amarradas por um cabo USB.<\/p>\n\n\n\n<p>Ap\u00f3s trabalho de intelig\u00eancia e monitoramento, o\u00a0acusado foi capturado, no bairro Itaipua\u00e7u, em Maric\u00e1. Contra ele foi cumprido um mandado de pris\u00e3o preventiva pelo crime de homic\u00eddio.<\/p>\n\n\n\n<p><strong><em><sub>S\u00e3o Gon\u00e7alo Vai Mudar. O Maior Portal da Cidade.<\/sub><\/em><\/strong><\/p>\n\n\n\n<figure class=\"wp-block-image size-full\"><img decoding=\"async\" width=\"251\" height=\"88\" src=\"https:\/\/sgvaimudar.com.br\/wp-content\/uploads\/2023\/08\/Logo.png\" alt=\"\" class=\"wp-image-2738\" \/><\/figure>\n","protected":false},"excerpt":{"rendered":"<p>Taxista, que aceitou a corrida, brigou com o acusado no meio do caminho que jogou o corpo amarrado no Jardim&hellip;<\/p>\n","protected":false},"author":5,"featured_media":11935,"comment_status":"open","ping_status":"open","sticky":false,"template":"","format":"standard","meta":{"fifu_image_url":"","fifu_image_alt":"","footnotes":""},"categories":[32],"tags":[],"class_list":["post-11934","post","type-post","status-publish","format-standard","has-post-thumbnail","hentry","category-casos-de-policia"],"_links":{"self":[{"href":"https:\/\/sgvaimudar.com.br\/index.php\/wp-json\/wp\/v2\/posts\/11934","targetHints":{"allow":["GET"]}}],"collection":[{"href":"https:\/\/sgvaimudar.com.br\/index.php\/wp-json\/wp\/v2\/posts"}],"about":[{"href":"https:\/\/sgvaimudar.com.br\/index.php\/wp-json\/wp\/v2\/types\/post"}],"author":[{"embeddable":true,"href":"https:\/\/sgvaimudar.com.br\/index.php\/wp-json\/wp\/v2\/users\/5"}],"replies":[{"embeddable":true,"href":"https:\/\/sgvaimudar.com.br\/index.php\/wp-json\/wp\/v2\/comments?post=11934"}],"version-history":[{"count":2,"href":"https:\/\/sgvaimudar.com.br\/index.php\/wp-json\/wp\/v2\/posts\/11934\/revisions"}],"predecessor-version":[{"id":11938,"href":"https:\/\/sgvaimudar.com.br\/index.php\/wp-json\/wp\/v2\/posts\/11934\/revisions\/11938"}],"wp:featuredmedia":[{"embeddable":true,"href":"https:\/\/sgvaimudar.com.br\/index.php\/wp-json\/wp\/v2\/media\/11935"}],"wp:attachment":[{"href":"https:\/\/sgvaimudar.com.br\/index.php\/wp-json\/wp\/v2\/media?parent=11934"}],"wp:term":[{"taxonomy":"category","embeddable":true,"href":"https:\/\/sgvaimudar.com.br\/index.php\/wp-json\/wp\/v2\/categories?post=11934"},{"taxonomy":"post_tag","embeddable":true,"href":"https:\/\/sgvaimudar.com.br\/index.php\/wp-json\/wp\/v2\/tags?post=11934"}],"curies":[{"name":"wp","href":"https:\/\/api.w.org\/{rel}","templated":true}]}}