{"id":11894,"date":"2024-09-12T15:00:00","date_gmt":"2024-09-12T18:00:00","guid":{"rendered":"https:\/\/sgvaimudar.com.br\/?p=11894"},"modified":"2024-09-12T09:30:48","modified_gmt":"2024-09-12T12:30:48","slug":"sao-goncalo-realiza-campanha-de-vacinacao-antirrabica-neste-sabado","status":"publish","type":"post","link":"https:\/\/sgvaimudar.com.br\/index.php\/2024\/09\/12\/sao-goncalo-realiza-campanha-de-vacinacao-antirrabica-neste-sabado\/","title":{"rendered":"S\u00e3o Gon\u00e7alo realiza campanha de vacina\u00e7\u00e3o antirr\u00e1bica neste s\u00e1bado"},"content":{"rendered":"\n<p><em>Sessenta e cinco pontos de atendimento&nbsp;estar\u00e3o dispon\u00edveis na cidade<\/em><\/p>\n\n\n\n<p>A primeira etapa da vacina\u00e7\u00e3o antirr\u00e1bica para c\u00e3es e gatos em S\u00e3o Gon\u00e7alo vai acontecer no pr\u00f3ximo s\u00e1bado (14), de acordo com a Prefeitura. A segunda etapa ser\u00e1 no dia 19 de outubro. A imuniza\u00e7\u00e3o \u00e9 para os animais com mais de tr\u00eas meses de vida e que n\u00e3o estejam doentes. A expectativa da Campanha Nacional de Vacina\u00e7\u00e3o Antirr\u00e1bica 2024 \u00e9 vacinar cerca de 120 mil animais nas duas etapas na cidade. Estar\u00e3o dispon\u00edveis 65 pontos de vacina\u00e7\u00e3o na primeira etapa, das 8h \u00e0s 17h.\u00a0<\/p>\n\n\n\n<p>Os gon\u00e7alenses podem levar os animais em qualquer local para a vacina\u00e7\u00e3o, independente do seu endere\u00e7o. \u00c9 importante que os c\u00e3es estejam com coleiras e, no caso dos ferozes, com a focinheira e sempre conduzidos por um adulto para garantir a seguran\u00e7a de todas as pessoas envolvidas. Os gatos devem ser levados em caixas de transporte para evitar fugas e acidentes. Animais doentes, com febre, diarr\u00e9ia ou outras enfermidades n\u00e3o devem ser vacinados, assim como as f\u00eameas gestantes ou amamentando filhotes.\u00a0\u00a0<\/p>\n\n\n\n<p>Os protetores de animais que possuem o N\u00famero de Cadastro Municipal (Nucam) podem ligar para (21) 3195-5198, ramal 1008, para a marca\u00e7\u00e3o da equipe que far\u00e1 a imuniza\u00e7\u00e3o dos animais nas resid\u00eancias.\u00a0<\/p>\n\n\n\n<p>Para os gon\u00e7alenses que perderem as datas da campanha, a vacina estar\u00e1 dispon\u00edvel nos Centros de Atendimento Veterin\u00e1rio Municipal (Cavems), no Mutu\u00e1 e Alc\u00e2ntara, ap\u00f3s a segunda etapa, a partir do dia 22 de outubro, sempre de segunda a sexta, das 8h \u00e0s 16h, sem a necessidade de realizar agendamento ou pegar senhas.<\/p>\n\n\n\n<p>As a\u00e7\u00f5es v\u00e3o contar com cerca de mil funcion\u00e1rios, entre agentes de sa\u00fade, agentes de endemias e m\u00e9dicos veterin\u00e1rios integrantes do Departamento de Controle de Zoonoses e\u00a0Vigil\u00e2ncia Sanit\u00e1ria e da Vigil\u00e2ncia em Sa\u00fade Ambiental, todos ligados \u00e0 Secretaria Municipal de Sa\u00fade e Defesa Civil (Semsa), al\u00e9m de volunt\u00e1rios capacitados.\u00a0\u00a0\u00a0\u00a0\u00a0<\/p>\n\n\n\n<p>A raiva \u00e9 uma doen\u00e7a infecciosa causada por um v\u00edrus, n\u00e3o tem cura e, se n\u00e3o houver preven\u00e7\u00e3o e controle, pode levar \u00e0 morte. \u00c9 uma zoonose (doen\u00e7a que pode ser transmitida do animal para o ser humano) e o v\u00edrus pode estar presente na saliva de um animal infectado, podendo ser transmitido atrav\u00e9s de mordida, arranh\u00e3o ou lambedura. C\u00e3es e gatos dom\u00e9sticos, morcegos e outros mam\u00edferos silvestres podem transmitir a doen\u00e7a.\u00a0\u00a0\u00a0\u00a0\u00a0\u00a0\u00a0\u00a0\u00a0\u00a0<\/p>\n\n\n\n<p><strong>VACINA\u00c7\u00c3O:<\/strong> 1\u00aa etapa 14 de setembro: <\/p>\n\n\n\n<p>1 &#8211; Ciep 422 &#8211; Nicanor Ferreira Nunes, \u00c1gua Mineral&nbsp;<\/p>\n\n\n\n<p>2 &#8211; USF Antonina<\/p>\n\n\n\n<p>3 &#8211; Cl\u00ednica Municipal Gon\u00e7alense do Barro Vermelho<\/p>\n\n\n\n<p>4 &#8211; Escola Municipal Joaquim Lavoura, Barro Vermelho<\/p>\n\n\n\n<p>5 &#8211; USF Jos\u00e9 Bruno Neto, Boa Vista<\/p>\n\n\n\n<p>6 &#8211; Escola Municipal Presidente Castelo Branco, Boa\u00e7u<\/p>\n\n\n\n<p>7 &#8211; USF Alexander Fleming, Boa\u00e7u<\/p>\n\n\n\n<p>8 &#8211; Escola Estadual Monsenhor Barenco Coelho, Boa\u00e7u<\/p>\n\n\n\n<p>9 &#8211; USF Mahatma Gandhi, Jardim Calif\u00f3rnia<\/p>\n\n\n\n<p>10 &#8211; Centro Social Brasil\u00e2ndia (Funda\u00e7\u00e3o le\u00e3o XIII)<\/p>\n\n\n\n<p>11 &#8211; Escola Estadual Cl\u00e9lia Nanci, Brasil\u00e2ndia<\/p>\n\n\n\n<p>12 &#8211; Igreja Nossa Senhora das Gra\u00e7as, Morro da Torre, Centro<\/p>\n\n\n\n<p>13 &#8211; Capela Nossa Senhora da Concei\u00e7\u00e3o, Porto do Rosa<\/p>\n\n\n\n<p>14 &#8211; Escola Municipal Professor Paulo Roberto Macedo Amaral, Coluband\u00ea<\/p>\n\n\n\n<p>15 &#8211; Col\u00e9gio Estadual Santos Dias, Neves<\/p>\n\n\n\n<p>16 &#8211; Escola Municipal Maria Am\u00e9lia, Engenho Pequeno<\/p>\n\n\n\n<p>17 &#8211; Escola Municipal M\u00e1rio Quintana, Engenho Pequeno<\/p>\n\n\n\n<p>18 &#8211; USF Madre Teresa de Calcut\u00e1, Estrela do Norte<\/p>\n\n\n\n<p>19 &#8211; USF Carlos Chagas, Fazenda dos Mineiros<\/p>\n\n\n\n<p>20 &#8211; Instituto Cultural Olavo Bilac, Galo Branco<\/p>\n\n\n\n<p>21 &#8211; USF Galo Branco<\/p>\n\n\n\n<p>22 &#8211; USF Mutondo II, Galo Branco<\/p>\n\n\n\n<p>23 &#8211; Associa\u00e7\u00e3o de Moradores da Comunidade do Gato, Gradim<\/p>\n\n\n\n<p>24 &#8211; Escola Estadual Francisco Lima, Gradim&nbsp;<\/p>\n\n\n\n<p>25 &#8211; USF Ana Nery, Gradim<\/p>\n\n\n\n<p>26 &#8211; Associa\u00e7\u00e3o Amalad, Itaoca<\/p>\n\n\n\n<p>27 &#8211; USF Albert Sabin, Itaoca<\/p>\n\n\n\n<p>28 &#8211; Segunda Igreja Batista de Ita\u00fana&nbsp;<\/p>\n\n\n\n<p>29 &#8211; CSU ITA\u00daNA<\/p>\n\n\n\n<p>30 &#8211; Escola Municipal Pastor Haroldo Gomes, Ita\u00fana<\/p>\n\n\n\n<p>31 &#8211; USF Jardim Catarina<\/p>\n\n\n\n<p>32 &#8211; USF Floriano Barbosa, Jardim Catarina<\/p>\n\n\n\n<p>33 &#8211; Escola Municipal Irene Barbosa Ornelas, Jardim Catarina<\/p>\n\n\n\n<p>34 &#8211; Ciep Anita Garibaldi, Jardim Catarina<\/p>\n\n\n\n<p>35 &#8211; Centro Comunit\u00e1rio Jardim Catarina<\/p>\n\n\n\n<p>36 &#8211; Polo Sanit\u00e1rio Jorge Teixeira de Lima, Jardim Catarina&nbsp;<\/p>\n\n\n\n<p>37 &#8211; Escola Municipal Amaral Peixoto, Lindo Parque<\/p>\n\n\n\n<p>38 &#8211; USF Armando Ferreira Le\u00e3o, Morro do Castro<\/p>\n\n\n\n<p>39 &#8211; Cavem Mutu\u00e1<\/p>\n\n\n\n<p>40 &#8211; Igreja Matriz Sagrado Cora\u00e7\u00e3o de Jesus, Mutu\u00e1<\/p>\n\n\n\n<p>41 &#8211; USF Alberto Constantino Farah, Mutuapira<\/p>\n\n\n\n<p>42 &#8211; PAM Neves<\/p>\n\n\n\n<p>43 &#8211; USF Neuza Goulart Brizola, Palmeiras<\/p>\n\n\n\n<p>44 &#8211; Conjunto da Marinha, Palmeiras<\/p>\n\n\n\n<p>45 &#8211; Policl\u00ednica Gon\u00e7alense de Refer\u00eancia para Doen\u00e7as Cr\u00f4nicas e Transmiss\u00edveis, Parada 40<\/p>\n\n\n\n<p>46 &#8211; Col\u00e9gio e Faculdade Para\u00edso<\/p>\n\n\n\n<p>47 &#8211; Ciep 237 &#8211; Jornalista Wladimir Herzog, Para\u00edso&nbsp;<\/p>\n\n\n\n<p>48 &#8211; Orla da Praia das Pedrinhas&nbsp;<\/p>\n\n\n\n<p>49 &#8211; Escola Estadual C\u00f4nego Goulart, Pita<\/p>\n\n\n\n<p>50 &#8211; UBS Robert Koch, Porto da Madama<\/p>\n\n\n\n<p>51 &#8211; Polo Sanit\u00e1rio Paulo Marques Rangel, Porto do Rosa<\/p>\n\n\n\n<p>52 &#8211; Col\u00e9gio Estadual Oswaldo Ornellas, Porto Novo<\/p>\n\n\n\n<p>53 &#8211; USF Haroldo Pereira Nunes, Porto Novo<\/p>\n\n\n\n<p>54 &#8211; Ciep 413 &#8211; Ad\u00e3o Pereira Nunes, Neves<\/p>\n\n\n\n<p>55 &#8211; Escola Municipal Carlos Maia, Porto Velho<\/p>\n\n\n\n<p>56 &#8211; Centro Educacional Pericar, Rocha<\/p>\n\n\n\n<p>57 &#8211; USF Wally Figueira da Silva, Rocha<\/p>\n\n\n\n<p>58 &#8211; USF David Capistrano, Ita\u00fana<\/p>\n\n\n\n<p>59 &#8211; USF Luiz Carlos Prestes, Santa Catarina<\/p>\n\n\n\n<p>60 &#8211; USF Santa Luzia<\/p>\n\n\n\n<p>61 &#8211; Secretaria Municipal de Assist\u00eancia Social, Venda da Cruz<\/p>\n\n\n\n<p>62 &#8211; USF Get\u00falio Vargas, Boa Vista<\/p>\n\n\n\n<p>63 &#8211; Polo Sanit\u00e1rio Washington Luiz, Z\u00e9 Garoto<\/p>\n\n\n\n<p>64 &#8211; Associa\u00e7\u00e3o de Moradores do Zumbi<\/p>\n\n\n\n<p>65 &#8211; USF Juvenil Francisco Ribeiro, Zumbi.<\/p>\n\n\n\n<p><strong><em><sup>S\u00e3o Gon\u00e7alo Vai Mudar. O Maior Portal da Cidade.<\/sup><\/em><\/strong><\/p>\n\n\n\n<figure class=\"wp-block-image size-full\"><img decoding=\"async\" width=\"251\" height=\"88\" src=\"https:\/\/sgvaimudar.com.br\/wp-content\/uploads\/2023\/08\/Logo.png\" alt=\"\" class=\"wp-image-2738\" \/><\/figure>\n","protected":false},"excerpt":{"rendered":"<p>Sessenta e cinco pontos de atendimento&nbsp;estar\u00e3o dispon\u00edveis na cidade A primeira etapa da vacina\u00e7\u00e3o antirr\u00e1bica para c\u00e3es e gatos em&hellip;<\/p>\n","protected":false},"author":5,"featured_media":11895,"comment_status":"open","ping_status":"open","sticky":false,"template":"","format":"standard","meta":{"fifu_image_url":"","fifu_image_alt":"","footnotes":""},"categories":[7],"tags":[],"class_list":["post-11894","post","type-post","status-publish","format-standard","has-post-thumbnail","hentry","category-saude"],"_links":{"self":[{"href":"https:\/\/sgvaimudar.com.br\/index.php\/wp-json\/wp\/v2\/posts\/11894","targetHints":{"allow":["GET"]}}],"collection":[{"href":"https:\/\/sgvaimudar.com.br\/index.php\/wp-json\/wp\/v2\/posts"}],"about":[{"href":"https:\/\/sgvaimudar.com.br\/index.php\/wp-json\/wp\/v2\/types\/post"}],"author":[{"embeddable":true,"href":"https:\/\/sgvaimudar.com.br\/index.php\/wp-json\/wp\/v2\/users\/5"}],"replies":[{"embeddable":true,"href":"https:\/\/sgvaimudar.com.br\/index.php\/wp-json\/wp\/v2\/comments?post=11894"}],"version-history":[{"count":1,"href":"https:\/\/sgvaimudar.com.br\/index.php\/wp-json\/wp\/v2\/posts\/11894\/revisions"}],"predecessor-version":[{"id":11896,"href":"https:\/\/sgvaimudar.com.br\/index.php\/wp-json\/wp\/v2\/posts\/11894\/revisions\/11896"}],"wp:featuredmedia":[{"embeddable":true,"href":"https:\/\/sgvaimudar.com.br\/index.php\/wp-json\/wp\/v2\/media\/11895"}],"wp:attachment":[{"href":"https:\/\/sgvaimudar.com.br\/index.php\/wp-json\/wp\/v2\/media?parent=11894"}],"wp:term":[{"taxonomy":"category","embeddable":true,"href":"https:\/\/sgvaimudar.com.br\/index.php\/wp-json\/wp\/v2\/categories?post=11894"},{"taxonomy":"post_tag","embeddable":true,"href":"https:\/\/sgvaimudar.com.br\/index.php\/wp-json\/wp\/v2\/tags?post=11894"}],"curies":[{"name":"wp","href":"https:\/\/api.w.org\/{rel}","templated":true}]}}