{"id":11874,"date":"2024-09-12T08:10:10","date_gmt":"2024-09-12T11:10:10","guid":{"rendered":"https:\/\/sgvaimudar.com.br\/?p=11874"},"modified":"2024-09-12T08:10:11","modified_gmt":"2024-09-12T11:10:11","slug":"operacao-torniquete-policias-civil-e-militar-iniciam-2a-fase-para-reprimir-roubos-de-cargas-e-de-veiculos","status":"publish","type":"post","link":"https:\/\/sgvaimudar.com.br\/index.php\/2024\/09\/12\/operacao-torniquete-policias-civil-e-militar-iniciam-2a-fase-para-reprimir-roubos-de-cargas-e-de-veiculos\/","title":{"rendered":"Opera\u00e7\u00e3o Torniquete: Pol\u00edcias Civil e Militar iniciam 2\u00aa fase para reprimir roubos de cargas e de ve\u00edculos"},"content":{"rendered":"\n<p><em>A\u00e7\u00f5es visam \u00e0 redu\u00e7\u00e3o dos indicadores estrat\u00e9gicos de criminalidade<\/em><\/p>\n\n\n\n<p>Por determina\u00e7\u00e3o do governador Cl\u00e1udio Castro, as pol\u00edcias Civil e Militar iniciam, nesta quarta-feira (11\/09), a 2\u00aa fase da Opera\u00e7\u00e3o Torniquete para reprimir roubos de ve\u00edculos e de cargas. As a\u00e7\u00f5es integradas contar\u00e3o com o apoio da Secretaria de Seguran\u00e7a P\u00fablica (Sesp) e ser\u00e3o realizadas com base em investiga\u00e7\u00f5es das Delegacias de Roubos e Furtos de Autom\u00f3veis (DRFA) e Roubos e Furtos de Cargas (DRFC), informa\u00e7\u00f5es de intelig\u00eancia e dados do Instituto de Seguran\u00e7a P\u00fablica (ISP).<\/p>\n\n\n\n<figure class=\"wp-block-image size-large\"><img fetchpriority=\"high\" decoding=\"async\" width=\"1024\" height=\"700\" src=\"https:\/\/sgvaimudar.com.br\/wp-content\/uploads\/2024\/09\/Policias-Civil-e-Militar-iniciam-segunda-fase-da-Operacao-Torniquete-11-09-24-4-1024x700.jpeg\" alt=\"\" class=\"wp-image-11875\" srcset=\"https:\/\/sgvaimudar.com.br\/wp-content\/uploads\/2024\/09\/Policias-Civil-e-Militar-iniciam-segunda-fase-da-Operacao-Torniquete-11-09-24-4-1024x700.jpeg 1024w, https:\/\/sgvaimudar.com.br\/wp-content\/uploads\/2024\/09\/Policias-Civil-e-Militar-iniciam-segunda-fase-da-Operacao-Torniquete-11-09-24-4-300x205.jpeg 300w, https:\/\/sgvaimudar.com.br\/wp-content\/uploads\/2024\/09\/Policias-Civil-e-Militar-iniciam-segunda-fase-da-Operacao-Torniquete-11-09-24-4-768x525.jpeg 768w, https:\/\/sgvaimudar.com.br\/wp-content\/uploads\/2024\/09\/Policias-Civil-e-Militar-iniciam-segunda-fase-da-Operacao-Torniquete-11-09-24-4.jpeg 1131w\" sizes=\"(max-width: 1024px) 100vw, 1024px\" \/><\/figure>\n\n\n\n<p><br>As dilig\u00eancias desta quarta ocorrem na Baixada Fluminense e na Zona Norte, e t\u00eam o objetivo de reduzir os indicadores estrat\u00e9gicos de criminalidade.\u00a0At\u00e9 o momento, cinco pessoas foram presas, drogas, armas e r\u00e1dios comunicadores foram apreendidos.\u00a0\u00a0<br><br>Durante a primeira fase da opera\u00e7\u00e3o, entre novembro de 2022 e setembro de 2023, houve queda nos \u00edndices. Em julho de 2023, por exemplo, foram registrados 127 roubos de cargas e 1.134 roubos de ve\u00edculos na Regi\u00e3o Metropolitana. Ambos foram os menores n\u00fameros de casos desde janeiro de 2019.<br><br>A Opera\u00e7\u00e3o Torniquete \u00e9 coordenada pela Subsecretaria de Planejamento e Integra\u00e7\u00e3o Operacional (SSPIO) da Pol\u00edcia Civil, por meio da DRFA e DRFC. Tamb\u00e9m participam das a\u00e7\u00f5es outras unidades do Departamento-Geral de Pol\u00edcia Especializada (DGPE) e delegacias distritais, al\u00e9m da Pol\u00edcia Militar.<\/p>\n","protected":false},"excerpt":{"rendered":"<p>A\u00e7\u00f5es visam \u00e0 redu\u00e7\u00e3o dos indicadores estrat\u00e9gicos de criminalidade Por determina\u00e7\u00e3o do governador Cl\u00e1udio Castro, as pol\u00edcias Civil e Militar&hellip;<\/p>\n","protected":false},"author":5,"featured_media":11876,"comment_status":"open","ping_status":"open","sticky":false,"template":"","format":"standard","meta":{"fifu_image_url":"","fifu_image_alt":"","footnotes":""},"categories":[32],"tags":[],"class_list":["post-11874","post","type-post","status-publish","format-standard","has-post-thumbnail","hentry","category-casos-de-policia"],"_links":{"self":[{"href":"https:\/\/sgvaimudar.com.br\/index.php\/wp-json\/wp\/v2\/posts\/11874","targetHints":{"allow":["GET"]}}],"collection":[{"href":"https:\/\/sgvaimudar.com.br\/index.php\/wp-json\/wp\/v2\/posts"}],"about":[{"href":"https:\/\/sgvaimudar.com.br\/index.php\/wp-json\/wp\/v2\/types\/post"}],"author":[{"embeddable":true,"href":"https:\/\/sgvaimudar.com.br\/index.php\/wp-json\/wp\/v2\/users\/5"}],"replies":[{"embeddable":true,"href":"https:\/\/sgvaimudar.com.br\/index.php\/wp-json\/wp\/v2\/comments?post=11874"}],"version-history":[{"count":1,"href":"https:\/\/sgvaimudar.com.br\/index.php\/wp-json\/wp\/v2\/posts\/11874\/revisions"}],"predecessor-version":[{"id":11877,"href":"https:\/\/sgvaimudar.com.br\/index.php\/wp-json\/wp\/v2\/posts\/11874\/revisions\/11877"}],"wp:featuredmedia":[{"embeddable":true,"href":"https:\/\/sgvaimudar.com.br\/index.php\/wp-json\/wp\/v2\/media\/11876"}],"wp:attachment":[{"href":"https:\/\/sgvaimudar.com.br\/index.php\/wp-json\/wp\/v2\/media?parent=11874"}],"wp:term":[{"taxonomy":"category","embeddable":true,"href":"https:\/\/sgvaimudar.com.br\/index.php\/wp-json\/wp\/v2\/categories?post=11874"},{"taxonomy":"post_tag","embeddable":true,"href":"https:\/\/sgvaimudar.com.br\/index.php\/wp-json\/wp\/v2\/tags?post=11874"}],"curies":[{"name":"wp","href":"https:\/\/api.w.org\/{rel}","templated":true}]}}