{"id":11787,"date":"2024-09-10T11:58:57","date_gmt":"2024-09-10T14:58:57","guid":{"rendered":"https:\/\/sgvaimudar.com.br\/?p=11787"},"modified":"2024-09-10T12:01:22","modified_gmt":"2024-09-10T15:01:22","slug":"acompanhe-a-agenda-dos-candidatos-a-prefeitura-de-sao-goncalo","status":"publish","type":"post","link":"https:\/\/sgvaimudar.com.br\/index.php\/2024\/09\/10\/acompanhe-a-agenda-dos-candidatos-a-prefeitura-de-sao-goncalo\/","title":{"rendered":"SGVM nas Elei\u00e7\u00f5es 2024: Acompanhe a agenda dos candidatos \u00e0 Prefeitura de S\u00e3o Gon\u00e7alo"},"content":{"rendered":"\n<p><em>Corrida eleitoral conta com seis candidatos disputando o cargo na cidade<\/em><\/p>\n\n\n\n<p>Os candidatos \u00e0 Prefeitura de S\u00e3o Gon\u00e7alo\u00a0sa\u00edram \u00e0s ruas, para cumprirem a agenda da campanha eleitoral. Nesta semana, os candidatos Reginaldo Afonso (PSTU), Professor Josemar (Psol), Jaqueline Pedroza (Novo), Viviane Carvalho (PMN), Dimas Gadelha (PT) e Capit\u00e3o Nelson (PL) apresentaram suas propostas para o setor de seguran\u00e7a, sa\u00fade e educa\u00e7\u00e3o.<\/p>\n\n\n\n<p>O candidato do PSTU, Reginaldo Afonso, participou, na manh\u00e3 desta ter\u00e7a-feira (10\/9), de uma reuni\u00e3o com coordena\u00e7\u00e3o de campanha. Nesta quarta-feira (11\/9), \u00e0s 18h30, ele vai participar de uma entrevista com os servidores p\u00fablicos municipais, na sede do Sindspef-SG (Sindicato dos Servidores P\u00fablicos Efetivos de S\u00e3o Gon\u00e7alo), no bairro Marambaia.<\/p>\n\n\n\n<figure class=\"wp-block-image size-large\"><img fetchpriority=\"high\" decoding=\"async\" width=\"1024\" height=\"684\" src=\"https:\/\/sgvaimudar.com.br\/wp-content\/uploads\/2024\/09\/WhatsApp-Image-2024-09-09-at-18.33.36-1024x684.jpeg\" alt=\"\" class=\"wp-image-11790\" srcset=\"https:\/\/sgvaimudar.com.br\/wp-content\/uploads\/2024\/09\/WhatsApp-Image-2024-09-09-at-18.33.36-1024x684.jpeg 1024w, https:\/\/sgvaimudar.com.br\/wp-content\/uploads\/2024\/09\/WhatsApp-Image-2024-09-09-at-18.33.36-300x200.jpeg 300w, https:\/\/sgvaimudar.com.br\/wp-content\/uploads\/2024\/09\/WhatsApp-Image-2024-09-09-at-18.33.36-768x513.jpeg 768w, https:\/\/sgvaimudar.com.br\/wp-content\/uploads\/2024\/09\/WhatsApp-Image-2024-09-09-at-18.33.36-1536x1025.jpeg 1536w, https:\/\/sgvaimudar.com.br\/wp-content\/uploads\/2024\/09\/WhatsApp-Image-2024-09-09-at-18.33.36.jpeg 1600w\" sizes=\"(max-width: 1024px) 100vw, 1024px\" \/><\/figure>\n\n\n\n<p>O candidato do Psol, Professor Josemar, nesta segunda-feira (9\/9), passou a manh\u00e3 gravando v\u00eddeos de campanha e, no final do dia, participou de sabatina no\u00a0 Sindspef-SG (Sindicato dos Servidores P\u00fablicos Efetivos de S\u00e3o Gon\u00e7alo).<\/p>\n\n\n\n<p>O candidato declarou que a defesa dos servidores \u00e9 um dos principais pontos do seu programa de governo. \u201cOs servidores s\u00e3o a grande mola que impulsiona o bom funcionamento dos servi\u00e7os p\u00fablicos. Vamos rever planos de cargos e sal\u00e1rios que foram destru\u00eddos pela atual gest\u00e3o e valorizar a categoria dando aten\u00e7\u00e3o a reivindica\u00e7\u00f5es salariais e de melhores condi\u00e7\u00f5es de trabalho\u201d, disse Josemar.<\/p>\n\n\n\n<p>Na manh\u00e3 desta ter\u00e7a-feira (10\/9), Josemar participou de uma agenda no bairro Pombal, no Bradim.<\/p>\n\n\n\n<figure class=\"wp-block-image size-full\"><img decoding=\"async\" width=\"321\" height=\"427\" src=\"https:\/\/sgvaimudar.com.br\/wp-content\/uploads\/2024\/09\/pedroza.jpg\" alt=\"\" class=\"wp-image-11789\" srcset=\"https:\/\/sgvaimudar.com.br\/wp-content\/uploads\/2024\/09\/pedroza.jpg 321w, https:\/\/sgvaimudar.com.br\/wp-content\/uploads\/2024\/09\/pedroza-226x300.jpg 226w\" sizes=\"(max-width: 321px) 100vw, 321px\" \/><\/figure>\n\n\n\n<p>J\u00e1 a candidata do Novo, Jaqueline Pedroza, participou de um ch\u00e1 de mulheres com a candidata a vereadora Marcia Cristina, do mesmo partido, com o tema: &#8220;\u00cdntimas de Deus. &#8220;Foi um momento de muita adora\u00e7\u00e3o, escuta ativa, acolhimento, momento \u00fanico com mulheres lindas e capacitadas por Deus para praticarem o bem&#8221;, disse a candidata.<\/p>\n\n\n\n<figure class=\"wp-block-video\"><video height=\"1280\" style=\"aspect-ratio: 720 \/ 1280;\" width=\"720\" controls src=\"https:\/\/sgvaimudar.com.br\/wp-content\/uploads\/2024\/09\/Snapinsta.app_video_4449308737AD82D7E62C4A3AD9658E8E_video_dashinit.mp4\"><\/video><\/figure>\n\n\n\n<p>A candidata do PMN, Viviane Carvalho, foi vista em Santa Isabel e no Pacheco fazendo corpo a corpo com as pessoas. &#8220;Dia incr\u00edvel de caminhada com muita energia e acolhimento. Estamos ouvindo as necessidades e os sonhos dos moradores&#8221;, disse a candidata. <\/p>\n\n\n\n<p>Segundo ela, \u00e9 importante ouvir a popula\u00e7\u00e3o para construir uma cidade com mais respeito, dignidade e cuidado. &#8220;Obrigada a todos que caminham com a gente por um futuro melhor para S\u00e3o Gon\u00e7alo&#8221;, afirmou Viviane.<\/p>\n\n\n\n<figure class=\"wp-block-image size-full\"><img decoding=\"async\" width=\"290\" height=\"177\" src=\"https:\/\/sgvaimudar.com.br\/wp-content\/uploads\/2024\/09\/dimas.jpg\" alt=\"\" class=\"wp-image-11791\" \/><\/figure>\n\n\n\n<p>O candidato Dimas Gadelha (PT), fez uma mini carreta pelos bairros de S\u00e3o Gon\u00e7alo. Na ocasi\u00e3o, ele explicou como vai funcionar o Tarifa Zero e a Moeda Social Tamoio. <\/p>\n\n\n\n<p>&#8220;Vamos fazer pol\u00edticas p\u00fablicas que fa\u00e7am a diferen\u00e7a, como em Maric\u00e1, com o sucesso da moeda social Mumbuca e programas de incentivo ao emprego e \u00e0 educa\u00e7\u00e3o. Esse encontro refor\u00e7a nosso compromisso de trazer inova\u00e7\u00e3o e solu\u00e7\u00f5es eficazes para melhorar a vida dos gon\u00e7alenses. A parceria entre nossas cidades s\u00f3 tem a crescer, e S\u00e3o Gon\u00e7alo merece muito mais&#8221;, disse o petista.<\/p>\n\n\n\n<figure class=\"wp-block-image size-large\"><img loading=\"lazy\" decoding=\"async\" width=\"1024\" height=\"681\" src=\"https:\/\/sgvaimudar.com.br\/wp-content\/uploads\/2024\/09\/unnamed-14-1024x681.jpg\" alt=\"\" class=\"wp-image-11793\" srcset=\"https:\/\/sgvaimudar.com.br\/wp-content\/uploads\/2024\/09\/unnamed-14-1024x681.jpg 1024w, https:\/\/sgvaimudar.com.br\/wp-content\/uploads\/2024\/09\/unnamed-14-300x199.jpg 300w, https:\/\/sgvaimudar.com.br\/wp-content\/uploads\/2024\/09\/unnamed-14-768x511.jpg 768w, https:\/\/sgvaimudar.com.br\/wp-content\/uploads\/2024\/09\/unnamed-14-1536x1021.jpg 1536w, https:\/\/sgvaimudar.com.br\/wp-content\/uploads\/2024\/09\/unnamed-14-2048x1362.jpg 2048w\" sizes=\"(max-width: 1024px) 100vw, 1024px\" \/><\/figure>\n\n\n\n<p>J\u00e1 o candidato do PL, Capit\u00e3o Nelson, comemorou in\u00edcio das quimioterapias no HCCOR. Nesta segunda-feira (9), ele cumpriu compromissos de governo e, pela noite, d\u00e1 continuidade \u00e0 sua agenda de encontros pol\u00edticos que v\u00eam sendo realizados por toda a cidade.<\/p>\n\n\n\n<p>Em uma das reuni\u00f5es que participou no fim de semana, Capit\u00e3o falou sobre a import\u00e2ncia de ampliar os atendimentos oncol\u00f3gicos na cidade, para que o gon\u00e7alense n\u00e3o tenha necessidade de se deslocar at\u00e9 outros munic\u00edpios para realizar exames e tratamentos.<\/p>\n\n\n\n<p>\u201cOs gon\u00e7alenses tinham que sair daqui para fazer cirurgia oncol\u00f3gica l\u00e1 no Instituto Nacional de C\u00e2ncer (INCA) e, hoje, fazem aqui no Hospital do C\u00e2ncer e do Cora\u00e7\u00e3o (Hccor). E vou dar uma not\u00edcia de primeira m\u00e3o aqui. A partir da semana que vem, estaremos realizando quimioterapia no HCCOR!\u201d, comemorou Capit\u00e3o.<\/p>\n\n\n\n<p>No \u00faltimo domingo (8), Capit\u00e3o Nelson caminhou pela Rua da Feira, no bairro Alc\u00e2ntara, junto a eleitores. O candidato \u00e0 reelei\u00e7\u00e3o como prefeito de S\u00e3o Gon\u00e7alo recebeu o carinho da popula\u00e7\u00e3o em uma caminhada pela Rua Jo\u00e3o Caetano, com seu vice-prefeito na chapa, Jo\u00e3o Ventura e com o deputado estadual Douglas Ruas.<\/p>\n\n\n\n<p>&#8220;Se a gente for falar tudo que o Capit\u00e3o j\u00e1 fez, vamos ficar o dia todo falando. O que mais gostei no governo dele foram as reformas dos postos de sa\u00fade e tamb\u00e9m a cl\u00ednica da Lagoinha que ele est\u00e1 construindo l\u00e1 perto de casa&#8221;, disse o comerciante Waldir Ribeiro, de 73 anos, morador do Pacheco, que estava na feira e aproveitou para cumprimentar o atual prefeito.<\/p>\n\n\n\n<p>Ainda na tarde e noite de s\u00e1bado (7), Capit\u00e3o Nelson, junto ao deputado estadual Douglas Ruas, participou de reuni\u00f5es com candidatos a vereador e eleitores na Brasil\u00e2ndia, Boa\u00e7u, Jardim Catarina e Estrela do Norte.<\/p>\n\n\n\n<p>Wellington Serrano Gomes<\/p>\n\n\n\n<p><strong><em><sub>S\u00e3o Gon\u00e7alo Vai Mudar. O Maior Portal da Cidade.<\/sub><\/em><\/strong><\/p>\n\n\n\n<figure class=\"wp-block-image size-full\"><img loading=\"lazy\" decoding=\"async\" width=\"250\" height=\"87\" src=\"https:\/\/sgvaimudar.com.br\/wp-content\/uploads\/2023\/08\/cropped-Logo.png\" alt=\"\" class=\"wp-image-2739\" \/><\/figure>\n\n\n\n<p> <\/p>\n","protected":false},"excerpt":{"rendered":"<p>Corrida eleitoral conta com seis candidatos disputando o cargo na cidade Os candidatos \u00e0 Prefeitura de S\u00e3o Gon\u00e7alo\u00a0sa\u00edram \u00e0s ruas,&hellip;<\/p>\n","protected":false},"author":5,"featured_media":11797,"comment_status":"open","ping_status":"open","sticky":false,"template":"","format":"standard","meta":{"fifu_image_url":"","fifu_image_alt":"","footnotes":""},"categories":[3],"tags":[],"class_list":["post-11787","post","type-post","status-publish","format-standard","has-post-thumbnail","hentry","category-sao-goncalo"],"_links":{"self":[{"href":"https:\/\/sgvaimudar.com.br\/index.php\/wp-json\/wp\/v2\/posts\/11787","targetHints":{"allow":["GET"]}}],"collection":[{"href":"https:\/\/sgvaimudar.com.br\/index.php\/wp-json\/wp\/v2\/posts"}],"about":[{"href":"https:\/\/sgvaimudar.com.br\/index.php\/wp-json\/wp\/v2\/types\/post"}],"author":[{"embeddable":true,"href":"https:\/\/sgvaimudar.com.br\/index.php\/wp-json\/wp\/v2\/users\/5"}],"replies":[{"embeddable":true,"href":"https:\/\/sgvaimudar.com.br\/index.php\/wp-json\/wp\/v2\/comments?post=11787"}],"version-history":[{"count":3,"href":"https:\/\/sgvaimudar.com.br\/index.php\/wp-json\/wp\/v2\/posts\/11787\/revisions"}],"predecessor-version":[{"id":11796,"href":"https:\/\/sgvaimudar.com.br\/index.php\/wp-json\/wp\/v2\/posts\/11787\/revisions\/11796"}],"wp:featuredmedia":[{"embeddable":true,"href":"https:\/\/sgvaimudar.com.br\/index.php\/wp-json\/wp\/v2\/media\/11797"}],"wp:attachment":[{"href":"https:\/\/sgvaimudar.com.br\/index.php\/wp-json\/wp\/v2\/media?parent=11787"}],"wp:term":[{"taxonomy":"category","embeddable":true,"href":"https:\/\/sgvaimudar.com.br\/index.php\/wp-json\/wp\/v2\/categories?post=11787"},{"taxonomy":"post_tag","embeddable":true,"href":"https:\/\/sgvaimudar.com.br\/index.php\/wp-json\/wp\/v2\/tags?post=11787"}],"curies":[{"name":"wp","href":"https:\/\/api.w.org\/{rel}","templated":true}]}}