{"id":11773,"date":"2024-09-10T15:00:00","date_gmt":"2024-09-10T18:00:00","guid":{"rendered":"https:\/\/sgvaimudar.com.br\/?p=11773"},"modified":"2024-09-10T10:25:08","modified_gmt":"2024-09-10T13:25:08","slug":"turista-que-ficou-em-estado-grave-apos-sofrer-lesao-na-cabeca-durante-passeio-de-barco-em-arraial-do-cabo-tem-alta","status":"publish","type":"post","link":"https:\/\/sgvaimudar.com.br\/index.php\/2024\/09\/10\/turista-que-ficou-em-estado-grave-apos-sofrer-lesao-na-cabeca-durante-passeio-de-barco-em-arraial-do-cabo-tem-alta\/","title":{"rendered":"Turista que ficou em estado grave ap\u00f3s sofrer les\u00e3o na cabe\u00e7a durante passeio de barco em Arraial do Cabo tem alta"},"content":{"rendered":"\n<p><em>Ele deixou o Hospital  Estadual Roberto Chabo com destino a Portugal<\/em><\/p>\n\n\n\n<p>Ap\u00f3s 62 dias internado no Centro de Tratamento Intensivo (CTI) do Hospital Estadual Roberto Chabo (HERC), em Araruama, o turista portugu\u00eas Carlos Eduardo Lobo Pinto, de 38 anos, deixou a unidade na manh\u00e3 do \u00faltimo domingo (08) em um transporte aerom\u00e9dico em dire\u00e7\u00e3o a Portugal. O paciente caiu do terceiro andar de uma embarca\u00e7\u00e3o, em Arraial do Cabo, e sofreu um traumatismo craniano grav\u00edssimo.<\/p>\n\n\n\n<figure class=\"wp-block-image size-large\"><img fetchpriority=\"high\" decoding=\"async\" width=\"1024\" height=\"576\" src=\"https:\/\/sgvaimudar.com.br\/wp-content\/uploads\/2024\/09\/WhatsApp-Image-2024-09-09-at-17.10.34-1024x576.jpeg\" alt=\"\" class=\"wp-image-11774\" srcset=\"https:\/\/sgvaimudar.com.br\/wp-content\/uploads\/2024\/09\/WhatsApp-Image-2024-09-09-at-17.10.34-1024x576.jpeg 1024w, https:\/\/sgvaimudar.com.br\/wp-content\/uploads\/2024\/09\/WhatsApp-Image-2024-09-09-at-17.10.34-300x169.jpeg 300w, https:\/\/sgvaimudar.com.br\/wp-content\/uploads\/2024\/09\/WhatsApp-Image-2024-09-09-at-17.10.34-768x432.jpeg 768w, https:\/\/sgvaimudar.com.br\/wp-content\/uploads\/2024\/09\/WhatsApp-Image-2024-09-09-at-17.10.34-1536x864.jpeg 1536w, https:\/\/sgvaimudar.com.br\/wp-content\/uploads\/2024\/09\/WhatsApp-Image-2024-09-09-at-17.10.34.jpeg 1600w\" sizes=\"(max-width: 1024px) 100vw, 1024px\" \/><\/figure>\n\n\n\n<p>Segundo o diretor do HERC, M\u00e1rio Jorge Espinhara, o paciente deu entrada no Centro de Trauma da unidade em estado grave. \u201cEle foi estabilizado pela equipe multidisciplinar, passou por v\u00e1rios exames de imagens e cl\u00ednicos e foi levado imediatamente ao centro cir\u00fargico. O seu estado de sa\u00fade era considerado grav\u00edssimo naquele momento\u201d.<\/p>\n\n\n\n<p>Na queda, o turista tamb\u00e9m fraturou a mand\u00edbula e teve escoria\u00e7\u00f5es profundas nos bra\u00e7os e pernas. Ele recebeu os primeiros socorros no Pronto-Socorro de Arraial do Cabo e depois foi transferido para o Hospital Estadual Roberto Chabo, unidade de refer\u00eancia no tratamento de alta e m\u00e9dia complexidade para nove munic\u00edpios da Regi\u00e3o dos Lagos.<\/p>\n\n\n\n<p>Durante sua interna\u00e7\u00e3o, o turista portugu\u00eas foi mantido entubado e sedado (com objetivo de proporcionar maior conforto ao paciente). Recebeu medica\u00e7\u00f5es espec\u00edficas e cuidados especiais, tanto da equipe m\u00e9dica como da enfermagem, fisioterapia, nutri\u00e7\u00e3o e bucomaxilo.<\/p>\n\n\n\n<p>O pai do paciente, o empres\u00e1rio Jos\u00e9 Pinto, acompanhou todo o tratamento do filho, em conjunto ao m\u00e9dico da fam\u00edlia, e elogiou a unidade: \u201cmaravilhosa\u201d. Com a estabiliza\u00e7\u00e3o do paciente, a fam\u00edlia alinhou com o diretor administrativo do HERC, Walter Wilmer, a sua transfer\u00eancia para um hospital em Portugal.<\/p>\n\n\n\n<p>A transfer\u00eancia ocorreu na manh\u00e3 do \u00faltimo domingo. M\u00e9dicos e enfermeiros do Hospital Roberto Chabo prepararam o paciente e o acompanharam at\u00e9 o embarque no jatinho aerom\u00e9dico. A fam\u00edlia, novamente, fez quest\u00e3o de agradecer aos profissionais pelos cuidados com o turista portugu\u00eas. \u2018Gratid\u00e3o eterna\u201d, disse o pai.<\/p>\n\n\n\n<p><strong><em><sup>S\u00e3o Gon\u00e7alo Vai Mudar. O Maior Portal da Cidade.<\/sup><\/em><\/strong><\/p>\n\n\n\n<figure class=\"wp-block-image size-full\"><img decoding=\"async\" width=\"251\" height=\"88\" src=\"https:\/\/sgvaimudar.com.br\/wp-content\/uploads\/2023\/08\/Logo.png\" alt=\"\" class=\"wp-image-2738\" \/><\/figure>\n","protected":false},"excerpt":{"rendered":"<p>Ele deixou o Hospital Estadual Roberto Chabo com destino a Portugal Ap\u00f3s 62 dias internado no Centro de Tratamento Intensivo&hellip;<\/p>\n","protected":false},"author":5,"featured_media":11775,"comment_status":"open","ping_status":"open","sticky":false,"template":"","format":"standard","meta":{"fifu_image_url":"","fifu_image_alt":"","footnotes":""},"categories":[7],"tags":[],"class_list":["post-11773","post","type-post","status-publish","format-standard","has-post-thumbnail","hentry","category-saude"],"_links":{"self":[{"href":"https:\/\/sgvaimudar.com.br\/index.php\/wp-json\/wp\/v2\/posts\/11773","targetHints":{"allow":["GET"]}}],"collection":[{"href":"https:\/\/sgvaimudar.com.br\/index.php\/wp-json\/wp\/v2\/posts"}],"about":[{"href":"https:\/\/sgvaimudar.com.br\/index.php\/wp-json\/wp\/v2\/types\/post"}],"author":[{"embeddable":true,"href":"https:\/\/sgvaimudar.com.br\/index.php\/wp-json\/wp\/v2\/users\/5"}],"replies":[{"embeddable":true,"href":"https:\/\/sgvaimudar.com.br\/index.php\/wp-json\/wp\/v2\/comments?post=11773"}],"version-history":[{"count":1,"href":"https:\/\/sgvaimudar.com.br\/index.php\/wp-json\/wp\/v2\/posts\/11773\/revisions"}],"predecessor-version":[{"id":11776,"href":"https:\/\/sgvaimudar.com.br\/index.php\/wp-json\/wp\/v2\/posts\/11773\/revisions\/11776"}],"wp:featuredmedia":[{"embeddable":true,"href":"https:\/\/sgvaimudar.com.br\/index.php\/wp-json\/wp\/v2\/media\/11775"}],"wp:attachment":[{"href":"https:\/\/sgvaimudar.com.br\/index.php\/wp-json\/wp\/v2\/media?parent=11773"}],"wp:term":[{"taxonomy":"category","embeddable":true,"href":"https:\/\/sgvaimudar.com.br\/index.php\/wp-json\/wp\/v2\/categories?post=11773"},{"taxonomy":"post_tag","embeddable":true,"href":"https:\/\/sgvaimudar.com.br\/index.php\/wp-json\/wp\/v2\/tags?post=11773"}],"curies":[{"name":"wp","href":"https:\/\/api.w.org\/{rel}","templated":true}]}}