{"id":11770,"date":"2024-09-10T13:00:00","date_gmt":"2024-09-10T16:00:00","guid":{"rendered":"https:\/\/sgvaimudar.com.br\/?p=11770"},"modified":"2024-09-10T10:13:36","modified_gmt":"2024-09-10T13:13:36","slug":"tre-rj-recebe-jovens-eleitores-com-deficiencia-para-atividades-sobre-inclusao-e-etica-na-politica","status":"publish","type":"post","link":"https:\/\/sgvaimudar.com.br\/index.php\/2024\/09\/10\/tre-rj-recebe-jovens-eleitores-com-deficiencia-para-atividades-sobre-inclusao-e-etica-na-politica\/","title":{"rendered":"TRE-RJ recebe jovens eleitores com defici\u00eancia para atividades sobre inclus\u00e3o e \u00e9tica na pol\u00edtica"},"content":{"rendered":"\n<p><em>Segundo o TRE-RJ, a ideia \u00e9 transformar o pr\u00e9dio da nova sede do tribunal em espa\u00e7o pedag\u00f3gico<\/em><\/p>\n\n\n\n<p>Wellington Serrano Gomes<\/p>\n\n\n\n<p>Na tarde da pr\u00f3xima quinta-feira (12\/9), 30 estudantes com defici\u00eancia intelectual ou autismo v\u00e3o participar do \u201cVisitas ao TRE\u201d, projeto da Escola Judici\u00e1ria Eleitoral do Rio de Janeiro (EJE-RJ) com diversas atividades que transformam o pr\u00e9dio da nova sede do tribunal em espa\u00e7o pedag\u00f3gico e de debate sobre inclus\u00e3o e participa\u00e7\u00e3o pol\u00edtica. <\/p>\n\n\n\n<p>A visita ter\u00e1 ainda a participa\u00e7\u00e3o da Comiss\u00e3o Permanente de Acessibilidade e Inclus\u00e3o (CPAI), que participar\u00e1 como mediadora da interlocu\u00e7\u00e3o com os estudantes.<\/p>\n\n\n\n<p>Os estudantes s\u00e3o associados ao Projeto Sorrindo-RJ, que trabalha habilidades sociais e empregabilidade de jovens e adultos com defici\u00eancia intelectual e autismo. Eles v\u00e3o participar de um bate-papo sobre inclus\u00e3o e participa\u00e7\u00e3o pol\u00edtica e realizam uma elei\u00e7\u00e3o simulada com o uso da urna eletr\u00f4nica. <\/p>\n\n\n\n<p>Os estudantes tamb\u00e9m participam de um julgamento simulado de um caso eleitoral, fazem um tour guiado pelo hist\u00f3rico grande hall do Pal\u00e1cio da Democracia e visitam o Espa\u00e7o Memorial do Tribunal, que possui documentos hist\u00f3ricos das elei\u00e7\u00f5es no Rio de Janeiro.<\/p>\n\n\n\n<p>Presidida pela desembargadora eleitoral Tathiana Costa, a Comiss\u00e3o Permanente de Acessibilidade e inclus\u00e3o (CPAI) atuar\u00e1 em todas as atividades. Originalmente voltado para jovens universit\u00e1rios e estudantes de Ensino M\u00e9dio, o Visitas ao TRE agenda esse conjunto de atividades na sede do Tribunal uma vez por m\u00eas. <\/p>\n\n\n\n<p>&#8220;Al\u00e9m disso, os jovens s\u00e3o incentivados a fazer o alistamento eleitoral ou regularizar o t\u00edtulo, o que n\u00e3o pode ocorrer desta vez devido ao Fechamento do Cadastro Eleitoral, entre maio e novembro dos anos eleitorais&#8221;, disse Costa.<\/p>\n\n\n\n<p>De acordo com o \u00f3rg\u00e3o, excepcionalmente, foi agendada uma segunda visita neste m\u00eas de setembro, na ter\u00e7a-feira (24\/9), dos estudantes de Jornalismo e Publicidade de uma universidade particular de Niter\u00f3i. <\/p>\n\n\n\n<p>&#8220;As atividades ser\u00e3o as mesmas, mas, dessa vez, o bate-papo ser\u00e1 sobre desinforma\u00e7\u00e3o no processo eleitoral, mesmo tema do julgamento simulado em que os jovens v\u00e3o atuar nos pap\u00e9is de juiz, promotor, advogado de defesa e r\u00e9u&#8221;, concluiu o TRE-RJ na nota.<\/p>\n\n\n\n<p><strong><em><sup>S\u00e3o Gon\u00e7alo Vai Mudar. O Maior Portal da Cidade<\/sup><\/em><\/strong><\/p>\n\n\n\n<figure class=\"wp-block-image size-full\"><img decoding=\"async\" width=\"251\" height=\"88\" src=\"https:\/\/sgvaimudar.com.br\/wp-content\/uploads\/2023\/08\/Logo.png\" alt=\"\" class=\"wp-image-2738\" \/><\/figure>\n","protected":false},"excerpt":{"rendered":"<p>Segundo o TRE-RJ, a ideia \u00e9 transformar o pr\u00e9dio da nova sede do tribunal em espa\u00e7o pedag\u00f3gico Wellington Serrano Gomes&hellip;<\/p>\n","protected":false},"author":5,"featured_media":11771,"comment_status":"open","ping_status":"open","sticky":false,"template":"","format":"standard","meta":{"fifu_image_url":"","fifu_image_alt":"","footnotes":""},"categories":[4],"tags":[],"class_list":["post-11770","post","type-post","status-publish","format-standard","has-post-thumbnail","hentry","category-brasil"],"_links":{"self":[{"href":"https:\/\/sgvaimudar.com.br\/index.php\/wp-json\/wp\/v2\/posts\/11770","targetHints":{"allow":["GET"]}}],"collection":[{"href":"https:\/\/sgvaimudar.com.br\/index.php\/wp-json\/wp\/v2\/posts"}],"about":[{"href":"https:\/\/sgvaimudar.com.br\/index.php\/wp-json\/wp\/v2\/types\/post"}],"author":[{"embeddable":true,"href":"https:\/\/sgvaimudar.com.br\/index.php\/wp-json\/wp\/v2\/users\/5"}],"replies":[{"embeddable":true,"href":"https:\/\/sgvaimudar.com.br\/index.php\/wp-json\/wp\/v2\/comments?post=11770"}],"version-history":[{"count":1,"href":"https:\/\/sgvaimudar.com.br\/index.php\/wp-json\/wp\/v2\/posts\/11770\/revisions"}],"predecessor-version":[{"id":11772,"href":"https:\/\/sgvaimudar.com.br\/index.php\/wp-json\/wp\/v2\/posts\/11770\/revisions\/11772"}],"wp:featuredmedia":[{"embeddable":true,"href":"https:\/\/sgvaimudar.com.br\/index.php\/wp-json\/wp\/v2\/media\/11771"}],"wp:attachment":[{"href":"https:\/\/sgvaimudar.com.br\/index.php\/wp-json\/wp\/v2\/media?parent=11770"}],"wp:term":[{"taxonomy":"category","embeddable":true,"href":"https:\/\/sgvaimudar.com.br\/index.php\/wp-json\/wp\/v2\/categories?post=11770"},{"taxonomy":"post_tag","embeddable":true,"href":"https:\/\/sgvaimudar.com.br\/index.php\/wp-json\/wp\/v2\/tags?post=11770"}],"curies":[{"name":"wp","href":"https:\/\/api.w.org\/{rel}","templated":true}]}}