{"id":11722,"date":"2024-09-09T13:00:00","date_gmt":"2024-09-09T16:00:00","guid":{"rendered":"https:\/\/sgvaimudar.com.br\/?p=11722"},"modified":"2024-09-09T09:18:06","modified_gmt":"2024-09-09T12:18:06","slug":"jogador-do-vasco-e-assaltado-na-noite-deste-domingo-8-no-rio-de-janeiro","status":"publish","type":"post","link":"https:\/\/sgvaimudar.com.br\/index.php\/2024\/09\/09\/jogador-do-vasco-e-assaltado-na-noite-deste-domingo-8-no-rio-de-janeiro\/","title":{"rendered":"Jogador do Vasco \u00e9 assaltado na noite deste domingo (8) no Rio de Janeiro"},"content":{"rendered":"\n<p><em>A informa\u00e7\u00e3o foi dada pelo pr\u00f3prio jogador que gravou um v\u00eddeo e divulgou nas redes sociais<\/em><\/p>\n\n\n\n<p>O volante Souza, do Vasco da Gama foi assaltado no Rio de Janeiro, no bairro de Olaria na noite deste domingo (8). A informa\u00e7\u00e3o foi dada pelo pr\u00f3prio jogador que gravou um v\u00eddeo e divulgou nas redes sociais.<\/p>\n\n\n\n<figure class=\"wp-block-video\"><video height=\"608\" style=\"aspect-ratio: 480 \/ 608;\" width=\"480\" controls src=\"https:\/\/sgvaimudar.com.br\/wp-content\/uploads\/2024\/09\/WhatsApp-Video-2024-09-08-at-18.41.48.mp4\"><\/video><\/figure>\n\n\n\n<p>Souza tranquilizou a esposa, disse que estava bem, mas que levaram tudo. No v\u00eddeo, o jogador contou como foi o momento desesperador.<\/p>\n\n\n\n<p>&#8220;Amor acabei de ser assaltado na Leopoldina Rio, os bandidos estavam de fuzil, estou descal\u00e7o, levaram tudo, mas eu e o N\u00edcolas estamos bem. A pol\u00edcia j\u00e1 est\u00e1 aqui&#8221;, disse o jogador na filmagem.<\/p>\n\n\n\n<p><strong><em><sup>S\u00e3o Gon\u00e7alo Vai Mudar. O Maior Portal da Cidade.<\/sup><\/em><\/strong><\/p>\n\n\n\n<figure class=\"wp-block-image size-large\"><img fetchpriority=\"high\" decoding=\"async\" width=\"1024\" height=\"321\" src=\"https:\/\/sgvaimudar.com.br\/wp-content\/uploads\/2023\/08\/Logo-Provisoria-2-1024x321.png\" alt=\"\" class=\"wp-image-2777\" srcset=\"https:\/\/sgvaimudar.com.br\/wp-content\/uploads\/2023\/08\/Logo-Provisoria-2-1024x321.png 1024w, https:\/\/sgvaimudar.com.br\/wp-content\/uploads\/2023\/08\/Logo-Provisoria-2-300x94.png 300w, https:\/\/sgvaimudar.com.br\/wp-content\/uploads\/2023\/08\/Logo-Provisoria-2-768x241.png 768w, https:\/\/sgvaimudar.com.br\/wp-content\/uploads\/2023\/08\/Logo-Provisoria-2-1536x482.png 1536w, https:\/\/sgvaimudar.com.br\/wp-content\/uploads\/2023\/08\/Logo-Provisoria-2-2048x642.png 2048w\" sizes=\"(max-width: 1024px) 100vw, 1024px\" \/><\/figure>\n","protected":false},"excerpt":{"rendered":"<p>A informa\u00e7\u00e3o foi dada pelo pr\u00f3prio jogador que gravou um v\u00eddeo e divulgou nas redes sociais O volante Souza, do&hellip;<\/p>\n","protected":false},"author":5,"featured_media":11724,"comment_status":"open","ping_status":"open","sticky":false,"template":"","format":"standard","meta":{"fifu_image_url":"","fifu_image_alt":"","footnotes":""},"categories":[32,5],"tags":[],"class_list":["post-11722","post","type-post","status-publish","format-standard","has-post-thumbnail","hentry","category-casos-de-policia","category-esportes"],"_links":{"self":[{"href":"https:\/\/sgvaimudar.com.br\/index.php\/wp-json\/wp\/v2\/posts\/11722","targetHints":{"allow":["GET"]}}],"collection":[{"href":"https:\/\/sgvaimudar.com.br\/index.php\/wp-json\/wp\/v2\/posts"}],"about":[{"href":"https:\/\/sgvaimudar.com.br\/index.php\/wp-json\/wp\/v2\/types\/post"}],"author":[{"embeddable":true,"href":"https:\/\/sgvaimudar.com.br\/index.php\/wp-json\/wp\/v2\/users\/5"}],"replies":[{"embeddable":true,"href":"https:\/\/sgvaimudar.com.br\/index.php\/wp-json\/wp\/v2\/comments?post=11722"}],"version-history":[{"count":2,"href":"https:\/\/sgvaimudar.com.br\/index.php\/wp-json\/wp\/v2\/posts\/11722\/revisions"}],"predecessor-version":[{"id":11727,"href":"https:\/\/sgvaimudar.com.br\/index.php\/wp-json\/wp\/v2\/posts\/11722\/revisions\/11727"}],"wp:featuredmedia":[{"embeddable":true,"href":"https:\/\/sgvaimudar.com.br\/index.php\/wp-json\/wp\/v2\/media\/11724"}],"wp:attachment":[{"href":"https:\/\/sgvaimudar.com.br\/index.php\/wp-json\/wp\/v2\/media?parent=11722"}],"wp:term":[{"taxonomy":"category","embeddable":true,"href":"https:\/\/sgvaimudar.com.br\/index.php\/wp-json\/wp\/v2\/categories?post=11722"},{"taxonomy":"post_tag","embeddable":true,"href":"https:\/\/sgvaimudar.com.br\/index.php\/wp-json\/wp\/v2\/tags?post=11722"}],"curies":[{"name":"wp","href":"https:\/\/api.w.org\/{rel}","templated":true}]}}