{"id":11701,"date":"2024-09-08T20:00:00","date_gmt":"2024-09-08T23:00:00","guid":{"rendered":"https:\/\/sgvaimudar.com.br\/?p=11701"},"modified":"2024-09-08T16:37:12","modified_gmt":"2024-09-08T19:37:12","slug":"tres-pessoas-ficam-feridas-depois-de-um-carro-bater-em-um-poste-em-sg","status":"publish","type":"post","link":"https:\/\/sgvaimudar.com.br\/index.php\/2024\/09\/08\/tres-pessoas-ficam-feridas-depois-de-um-carro-bater-em-um-poste-em-sg\/","title":{"rendered":"Tr\u00eas pessoas ficam feridas depois de um carro bater em um poste em SG"},"content":{"rendered":"\n<p><em>V\u00edtimas foram socorridas ao Hospital Estadual Alberto Torres<\/em><\/p>\n\n\n\n<p>Um carro bateu em um poste na Rua Visconde de Ita\u00fana, no bairro Para\u00edso, pr\u00f3ximo \u00e0 Pra\u00e7a do Gradim, em S\u00e3o Gon\u00e7alo, na madrugada deste domingo (8). Tr\u00eas pessoas, entre 21 e 22 anos, que estavam no ve\u00edculo, foram encaminhadas com ferimentos leves ao Hospital Estadual Alberto Torres, no Coluband\u00ea.<\/p>\n\n\n\n<p>Agentes do 20\u00ba Grupamento de Bombeiros Militar (GBM) foram acionados por volta de 4h40 para atender a ocorr\u00eancia. No local, as v\u00edtimas foram identificadas como Thayna G. Louren\u00e7o, de 22 anos, Jhonatan Jos\u00e9 B. Toledo, de 22 anos, e Maria Eduarda L. Sanchez, de 21 anos.<\/p>\n\n\n\n<p>Um pedestre registrou uma foto da cena deixada pelo acidente. Nela \u00e9 poss\u00edvel ver que a parte dianteira do ve\u00edculo ficou completamente destru\u00edda.<\/p>\n\n\n\n<p>Questionada, a dire\u00e7\u00e3o do Hospital Estadual Alberto Torres informou que uma das v\u00edtimas, a Thayna G. Louren\u00e7o permanece na unidade e tem quadro de sa\u00fade est\u00e1vel. Os outros dois pacientes receberam alta.\u00a0<\/p>\n\n\n\n<p><em>Fonte: Enfoco<\/em><\/p>\n\n\n\n<figure class=\"wp-block-image size-full\"><img decoding=\"async\" width=\"251\" height=\"88\" src=\"https:\/\/sgvaimudar.com.br\/wp-content\/uploads\/2023\/08\/Logo.png\" alt=\"\" class=\"wp-image-2738\" \/><\/figure>\n","protected":false},"excerpt":{"rendered":"<p>V\u00edtimas foram socorridas ao Hospital Estadual Alberto Torres Um carro bateu em um poste na Rua Visconde de Ita\u00fana, no&hellip;<\/p>\n","protected":false},"author":5,"featured_media":11702,"comment_status":"open","ping_status":"open","sticky":false,"template":"","format":"standard","meta":{"fifu_image_url":"","fifu_image_alt":"","footnotes":""},"categories":[32],"tags":[],"class_list":["post-11701","post","type-post","status-publish","format-standard","has-post-thumbnail","hentry","category-casos-de-policia"],"_links":{"self":[{"href":"https:\/\/sgvaimudar.com.br\/index.php\/wp-json\/wp\/v2\/posts\/11701","targetHints":{"allow":["GET"]}}],"collection":[{"href":"https:\/\/sgvaimudar.com.br\/index.php\/wp-json\/wp\/v2\/posts"}],"about":[{"href":"https:\/\/sgvaimudar.com.br\/index.php\/wp-json\/wp\/v2\/types\/post"}],"author":[{"embeddable":true,"href":"https:\/\/sgvaimudar.com.br\/index.php\/wp-json\/wp\/v2\/users\/5"}],"replies":[{"embeddable":true,"href":"https:\/\/sgvaimudar.com.br\/index.php\/wp-json\/wp\/v2\/comments?post=11701"}],"version-history":[{"count":2,"href":"https:\/\/sgvaimudar.com.br\/index.php\/wp-json\/wp\/v2\/posts\/11701\/revisions"}],"predecessor-version":[{"id":11704,"href":"https:\/\/sgvaimudar.com.br\/index.php\/wp-json\/wp\/v2\/posts\/11701\/revisions\/11704"}],"wp:featuredmedia":[{"embeddable":true,"href":"https:\/\/sgvaimudar.com.br\/index.php\/wp-json\/wp\/v2\/media\/11702"}],"wp:attachment":[{"href":"https:\/\/sgvaimudar.com.br\/index.php\/wp-json\/wp\/v2\/media?parent=11701"}],"wp:term":[{"taxonomy":"category","embeddable":true,"href":"https:\/\/sgvaimudar.com.br\/index.php\/wp-json\/wp\/v2\/categories?post=11701"},{"taxonomy":"post_tag","embeddable":true,"href":"https:\/\/sgvaimudar.com.br\/index.php\/wp-json\/wp\/v2\/tags?post=11701"}],"curies":[{"name":"wp","href":"https:\/\/api.w.org\/{rel}","templated":true}]}}