{"id":11674,"date":"2024-09-08T15:00:00","date_gmt":"2024-09-08T18:00:00","guid":{"rendered":"https:\/\/sgvaimudar.com.br\/?p=11674"},"modified":"2024-09-08T08:35:45","modified_gmt":"2024-09-08T11:35:45","slug":"dia-7-com-lula-teve-desfile-para-quase-ninguem-em-brasilia","status":"publish","type":"post","link":"https:\/\/sgvaimudar.com.br\/index.php\/2024\/09\/08\/dia-7-com-lula-teve-desfile-para-quase-ninguem-em-brasilia\/","title":{"rendered":"Dia 7 com Lula teve desfile para quase ningu\u00e9m, em Bras\u00edlia"},"content":{"rendered":"\n<p><em>Desfile foi um dos mais vazios de sempre no Dia da Independ\u00eancia<\/em><\/p>\n\n\n\n<p>A efervesc\u00eancia patri\u00f3tica que marcava a celebra\u00e7\u00e3o da Independ\u00eancia do Brasil no governo de Jair Bolsonaro (PL) deu lugar a um cen\u00e1rio des\u00e9rtico nos gramados da Esplanada dos Minist\u00e9rio, neste s\u00e1bado de 7 de Setembro no Brasil presidido por Lula (PT).<\/p>\n\n\n\n<p>Circulam nas redes sociais imagens o esvaziamento de p\u00fablico do desfile c\u00edvico militar. Fato que recebeu o estranhamento dos poucos brasilienses que circularam no entorno da Esplanada.<\/p>\n\n\n\n<p>E quem tentou acessar as \u00e1reas de arquibancadas ainda teve de enfrentar tumulto no acesso \u00e0 comemora\u00e7\u00e3o da Independ\u00eancia. Filas alcan\u00e7aram a regi\u00e3o do Museu da Rep\u00fablica, mas o motivo foi a desorganiza\u00e7\u00e3o que provocou um tumulto que suspendeu por 30 minutos o acesso ao local do desfile, sob a alega\u00e7\u00e3o de lota\u00e7\u00e3o das arquibancadas dispostas no local.<\/p>\n\n\n\n<p>\u201cCad\u00ea o povo? Ningu\u00e9m veio, cara, olha isso! Quem j\u00e1 veio aqui anos passados, isso aqui era lindo de se v\u00ea. Tem mais pol\u00edtica do que participante. Est\u00e1 morto isso aqui. T\u00e1 louco!\u201d, disse um dos visitantes do evento.<\/p>\n\n\n\n<p>A organiza\u00e7\u00e3o do evento estimou que 30 mil pessoas compareceram ao desfile da Independ\u00eancia.<\/p>\n\n\n\n<p><em>Fonte: Di\u00e1rio do Poder<\/em><\/p>\n\n\n\n<figure class=\"wp-block-image size-full\"><img decoding=\"async\" width=\"251\" height=\"88\" src=\"https:\/\/sgvaimudar.com.br\/wp-content\/uploads\/2023\/08\/Logo.png\" alt=\"\" class=\"wp-image-2738\" \/><\/figure>\n","protected":false},"excerpt":{"rendered":"<p>Desfile foi um dos mais vazios de sempre no Dia da Independ\u00eancia A efervesc\u00eancia patri\u00f3tica que marcava a celebra\u00e7\u00e3o da&hellip;<\/p>\n","protected":false},"author":5,"featured_media":11675,"comment_status":"open","ping_status":"open","sticky":false,"template":"","format":"standard","meta":{"fifu_image_url":"","fifu_image_alt":"","footnotes":""},"categories":[4],"tags":[],"class_list":["post-11674","post","type-post","status-publish","format-standard","has-post-thumbnail","hentry","category-brasil"],"_links":{"self":[{"href":"https:\/\/sgvaimudar.com.br\/index.php\/wp-json\/wp\/v2\/posts\/11674","targetHints":{"allow":["GET"]}}],"collection":[{"href":"https:\/\/sgvaimudar.com.br\/index.php\/wp-json\/wp\/v2\/posts"}],"about":[{"href":"https:\/\/sgvaimudar.com.br\/index.php\/wp-json\/wp\/v2\/types\/post"}],"author":[{"embeddable":true,"href":"https:\/\/sgvaimudar.com.br\/index.php\/wp-json\/wp\/v2\/users\/5"}],"replies":[{"embeddable":true,"href":"https:\/\/sgvaimudar.com.br\/index.php\/wp-json\/wp\/v2\/comments?post=11674"}],"version-history":[{"count":2,"href":"https:\/\/sgvaimudar.com.br\/index.php\/wp-json\/wp\/v2\/posts\/11674\/revisions"}],"predecessor-version":[{"id":11677,"href":"https:\/\/sgvaimudar.com.br\/index.php\/wp-json\/wp\/v2\/posts\/11674\/revisions\/11677"}],"wp:featuredmedia":[{"embeddable":true,"href":"https:\/\/sgvaimudar.com.br\/index.php\/wp-json\/wp\/v2\/media\/11675"}],"wp:attachment":[{"href":"https:\/\/sgvaimudar.com.br\/index.php\/wp-json\/wp\/v2\/media?parent=11674"}],"wp:term":[{"taxonomy":"category","embeddable":true,"href":"https:\/\/sgvaimudar.com.br\/index.php\/wp-json\/wp\/v2\/categories?post=11674"},{"taxonomy":"post_tag","embeddable":true,"href":"https:\/\/sgvaimudar.com.br\/index.php\/wp-json\/wp\/v2\/tags?post=11674"}],"curies":[{"name":"wp","href":"https:\/\/api.w.org\/{rel}","templated":true}]}}