{"id":11664,"date":"2024-09-08T11:00:00","date_gmt":"2024-09-08T14:00:00","guid":{"rendered":"https:\/\/sgvaimudar.com.br\/?p=11664"},"modified":"2024-09-07T19:23:11","modified_gmt":"2024-09-07T22:23:11","slug":"desfile-de-7-de-setembro-reune-5-mil-pessoas-em-santa-izabel","status":"publish","type":"post","link":"https:\/\/sgvaimudar.com.br\/index.php\/2024\/09\/08\/desfile-de-7-de-setembro-reune-5-mil-pessoas-em-santa-izabel\/","title":{"rendered":"Desfile de 7 de setembro re\u00fane 5 mil pessoas em Santa Izabel\u00a0"},"content":{"rendered":"\n<p><em>Evento comemorou os 202 anos da Independ\u00eancia do Brasil<\/em><\/p>\n\n\n\n<p>O tradicional desfile c\u00edvico de 7 de Setembro foi realizado,  neste s\u00e1bado (7), no bairro de Santa Izabel, em S\u00e3o Gon\u00e7alo, com um p\u00fablico de mais de 5 mil pessoas. A celebra\u00e7\u00e3o, que reuniu 14 escolas municipais, al\u00e9m da Patrulha A\u00e9rea Civil Mirim e do Bombeiro Mirim, comemorou os 202 anos da Independ\u00eancia do Brasil.<\/p>\n\n\n\n<figure class=\"wp-block-image size-full\"><img fetchpriority=\"high\" decoding=\"async\" width=\"1024\" height=\"683\" src=\"https:\/\/sgvaimudar.com.br\/wp-content\/uploads\/2024\/09\/unnamed-2-3.jpg\" alt=\"\" class=\"wp-image-11665\" srcset=\"https:\/\/sgvaimudar.com.br\/wp-content\/uploads\/2024\/09\/unnamed-2-3.jpg 1024w, https:\/\/sgvaimudar.com.br\/wp-content\/uploads\/2024\/09\/unnamed-2-3-300x200.jpg 300w, https:\/\/sgvaimudar.com.br\/wp-content\/uploads\/2024\/09\/unnamed-2-3-768x512.jpg 768w\" sizes=\"(max-width: 1024px) 100vw, 1024px\" \/><\/figure>\n\n\n\n<p>O evento contou com a presen\u00e7a do prefeito, Capit\u00e3o Nelson, da primeira-dama Marinete Ruas, do vice-prefeito S\u00e9rgio Gev\u00fa, do deputado estadual Douglas Ruas, secret\u00e1rios e vereadores da cidade.<\/p>\n\n\n\n<p>Uma das pessoas presentes no evento foi Mayara Marinho, de 30 anos. Ela \u00e9 m\u00e3e de duas crian\u00e7as: a pequena Micaela, de 7 anos, e o Mateus, de 9 anos. Ambos s\u00e3o alunos da Escola Estadual Municipalizada Itaitindiba e desfilaram pela primeira vez neste s\u00e1bado. Para a m\u00e3e deles, foi um momento de emo\u00e7\u00e3o.<\/p>\n\n\n\n<figure class=\"wp-block-image size-full\"><img decoding=\"async\" width=\"1024\" height=\"683\" src=\"https:\/\/sgvaimudar.com.br\/wp-content\/uploads\/2024\/09\/unnamed-13.jpg\" alt=\"\" class=\"wp-image-11666\" srcset=\"https:\/\/sgvaimudar.com.br\/wp-content\/uploads\/2024\/09\/unnamed-13.jpg 1024w, https:\/\/sgvaimudar.com.br\/wp-content\/uploads\/2024\/09\/unnamed-13-300x200.jpg 300w, https:\/\/sgvaimudar.com.br\/wp-content\/uploads\/2024\/09\/unnamed-13-768x512.jpg 768w\" sizes=\"(max-width: 1024px) 100vw, 1024px\" \/><\/figure>\n\n\n\n<p>&#8220;\u00c9 a primeira vez que eu venho assistir ao desfile. Meus filhos est\u00e3o t\u00e3o animados e felizes que ensaiavam em casa quando n\u00e3o estavam na escola. Estavam ansiosos para esse momento. Minha filha acordou hoje \u00e0s 6h, toda alegre. \u00c9 um orgulho muito grande ver eles participando aqui&#8221;, afirmou.<\/p>\n\n\n\n<p>Valdin\u00e9ia Paula dos Santos, de 58 anos, faz quest\u00e3o de acompanhar o desfile h\u00e1 algum tempo. Ela mesma j\u00e1 desfilou, quando era professora de uma escola municipal. Os filhos dela tamb\u00e9m desfilaram quando eram alunos e, neste fim de semana, o neto Tom, de 5 anos, viveu a mesma experi\u00eancia.<\/p>\n\n\n\n<p>&#8220;\u00c9 a primeira vez que meu neto vai desfilar e viemos aqui apoiar. Eu sempre gostei do desfile, sempre fa\u00e7o quest\u00e3o de vir assistir, mas esse ano foi mais especial ainda. Meu neto est\u00e1 todo feliz de estar participando com a banda da Escola Municipal Celia Pereira da Rosa, onde ele estuda. Ele ficou falando disso por dias e acordou ansioso hoje. Esse evento aqui em Santa Izabel \u00e9 muito bonito, eu gosto muito&#8221;, disse.<\/p>\n\n\n\n<p>O desfile foi organizado pela Secretaria de Esporte e Lazer, em parceria com a Secretaria de Educa\u00e7\u00e3o e apoio das secretarias de Sa\u00fade, Conserva\u00e7\u00e3o, Transportes, Ordem P\u00fablica, Comunica\u00e7\u00e3o Social, Defesa Civil, apoio dos agentes do 7\u00ba Batalh\u00e3o e da Guarda Municipal. A concession\u00e1ria \u00c1guas do Rio distribuiu \u00e1gua aos participantes do desfile.<\/p>\n\n\n\n<p>No dia 22 de setembro, ser\u00e1 a vez de comemorar os 134 anos de S\u00e3o Gon\u00e7alo, com o tamb\u00e9m tradicional desfile c\u00edvico-militar no Centro, que conta com escolas p\u00fablicas e particulares, Corpo de Bombeiros, Pol\u00edcia Militar, Ex\u00e9rcito e Marinha.<\/p>\n\n\n\n<p><strong><em><sup>S\u00e3o Gon\u00e7alo Vai Mudar. O Maior Portal da Cidade.<\/sup><\/em><\/strong><\/p>\n\n\n\n<figure class=\"wp-block-image size-full\"><img decoding=\"async\" width=\"251\" height=\"88\" src=\"https:\/\/sgvaimudar.com.br\/wp-content\/uploads\/2023\/08\/Logo.png\" alt=\"\" class=\"wp-image-2738\" \/><\/figure>\n","protected":false},"excerpt":{"rendered":"<p>Evento comemorou os 202 anos da Independ\u00eancia do Brasil O tradicional desfile c\u00edvico de 7 de Setembro foi realizado, neste&hellip;<\/p>\n","protected":false},"author":5,"featured_media":11667,"comment_status":"open","ping_status":"open","sticky":false,"template":"","format":"standard","meta":{"fifu_image_url":"","fifu_image_alt":"","footnotes":""},"categories":[3],"tags":[],"class_list":["post-11664","post","type-post","status-publish","format-standard","has-post-thumbnail","hentry","category-sao-goncalo"],"_links":{"self":[{"href":"https:\/\/sgvaimudar.com.br\/index.php\/wp-json\/wp\/v2\/posts\/11664","targetHints":{"allow":["GET"]}}],"collection":[{"href":"https:\/\/sgvaimudar.com.br\/index.php\/wp-json\/wp\/v2\/posts"}],"about":[{"href":"https:\/\/sgvaimudar.com.br\/index.php\/wp-json\/wp\/v2\/types\/post"}],"author":[{"embeddable":true,"href":"https:\/\/sgvaimudar.com.br\/index.php\/wp-json\/wp\/v2\/users\/5"}],"replies":[{"embeddable":true,"href":"https:\/\/sgvaimudar.com.br\/index.php\/wp-json\/wp\/v2\/comments?post=11664"}],"version-history":[{"count":1,"href":"https:\/\/sgvaimudar.com.br\/index.php\/wp-json\/wp\/v2\/posts\/11664\/revisions"}],"predecessor-version":[{"id":11668,"href":"https:\/\/sgvaimudar.com.br\/index.php\/wp-json\/wp\/v2\/posts\/11664\/revisions\/11668"}],"wp:featuredmedia":[{"embeddable":true,"href":"https:\/\/sgvaimudar.com.br\/index.php\/wp-json\/wp\/v2\/media\/11667"}],"wp:attachment":[{"href":"https:\/\/sgvaimudar.com.br\/index.php\/wp-json\/wp\/v2\/media?parent=11664"}],"wp:term":[{"taxonomy":"category","embeddable":true,"href":"https:\/\/sgvaimudar.com.br\/index.php\/wp-json\/wp\/v2\/categories?post=11664"},{"taxonomy":"post_tag","embeddable":true,"href":"https:\/\/sgvaimudar.com.br\/index.php\/wp-json\/wp\/v2\/tags?post=11664"}],"curies":[{"name":"wp","href":"https:\/\/api.w.org\/{rel}","templated":true}]}}