{"id":11654,"date":"2024-09-08T08:00:00","date_gmt":"2024-09-08T11:00:00","guid":{"rendered":"https:\/\/sgvaimudar.com.br\/?p=11654"},"modified":"2024-09-07T13:47:44","modified_gmt":"2024-09-07T16:47:44","slug":"defensora-publica-aposentada-que-xingou-entregador-em-itaipu-de-macaco-e-condenada-por-injuria-racial","status":"publish","type":"post","link":"https:\/\/sgvaimudar.com.br\/index.php\/2024\/09\/08\/defensora-publica-aposentada-que-xingou-entregador-em-itaipu-de-macaco-e-condenada-por-injuria-racial\/","title":{"rendered":"Defensora p\u00fablica aposentada que xingou entregador em Itaipu de &#8216;macaco&#8217; \u00e9 condenada por inj\u00faria racial"},"content":{"rendered":"\n<p><em>Cl\u00e1udia Alvarim Barrozo foi condenada a 3 anos de pris\u00e3o, mas pena foi convertida em presta\u00e7\u00e3o de servi\u00e7os comunit\u00e1rios e pagamento de 3 sal\u00e1rios-m\u00ednimos para entidades sociais. Defesa diz que vai recorrer da senten\u00e7a<\/em><\/p>\n\n\n\n<p>A defensora p\u00fablica aposentada Cl\u00e1udia Alvarim Barrozo, que xingou um entregador de &#8220;macaco&#8221;, foi condenada a 3 anos de pris\u00e3o, mas a pena foi revertida para presta\u00e7\u00e3o de servi\u00e7os comunit\u00e1rios e no pagamento de 3 sal\u00e1rios-m\u00ednimos para entidades sociais.<\/p>\n\n\n\n<p>O caso aconteceu em 2022. A defensora p\u00fablica aposentada foi denunciada por<strong>\u00a0<\/strong>inj\u00faria<strong> <\/strong>racial\u00a0a dois entregadores um condom\u00ednio de luxo de Itaipu, em Niter\u00f3i.<\/p>\n\n\n\n<p>Em nota o advogado Marcello Ramalho, que defende Cl\u00e1udia Barrozo, disse que vai recorrer.<\/p>\n\n\n\n<p>&#8220;A senten\u00e7a desconsiderou flagrantemente a prova dos autos que justamente favorecia a defensora, al\u00e9m de ter indeferido prova pericial de suma import\u00e2ncia que visava constar a vers\u00e3o da acusada, que, antes de proferir a palavra &#8216;macaco&#8217; no singular, tamb\u00e9m teria sido ofendida e xingada pelo entregador&#8221;, diz a defesa.<\/p>\n\n\n\n<p>Ainda de acordo com o advogado, houve um cerceamento da defesa durante o processo, e o pedido de condena\u00e7\u00e3o do Minist\u00e9rio P\u00fablico considerou um segundo entregador que, segundo a defesa, &#8220;em audi\u00eancia, sob o crivo do contradit\u00f3rio, disse expressamente que a palavra &#8216;macaco&#8217; n\u00e3o teria sido dirigida contra ele&#8221;.<\/p>\n\n\n\n<p><strong>INDENIZA\u00c7\u00c3O<\/strong> &#8211; Em dezembro do ano passado, a defensora tamb\u00e9m foi condenada, na esfera c\u00edvel, a\u00a0pagar R$ 40 mil de indeniza\u00e7\u00e3o aos dois entregadores, sendo R$ 20 mil para cada um deles. A defesa recorreu.<\/p>\n\n\n\n<p>Na decis\u00e3o, o juiz Guilherme Rodrigues de Andrade, da da 3\u00aa Vara C\u00edvel de S\u00e3o Gon\u00e7alo, destacou que\u00a0&#8220;eventual transtorno depressivo da r\u00e9 n\u00e3o \u00e9 capaz de eximi-la de responder pelos atos praticados, eis que a doen\u00e7a n\u00e3o se revela &#8216;carta branca&#8217; para que esta possa injuriar outras pessoas e, posteriormente, afirmar que n\u00e3o entende o car\u00e1ter il\u00edcito de seus atos&#8221;.<\/p>\n\n\n\n<p>O juiz destacou ainda que, como defensora p\u00fablica, Cl\u00e1udia &#8220;deveria empregar todos os esfor\u00e7os no combate \u00e0 pr\u00e1tica discriminat\u00f3ria&#8221;.<\/p>\n\n\n\n<p>O advogado Joab Gama de Souza, que faz a defesa dos entregadores<strong>\u00a0<\/strong>Jonathas Souza Mendon\u00e7a e Eduardo Pe\u00e7anha Marques, disse em janeiro deste ano que n\u00e3o iria recorrer, e que a senten\u00e7a &#8220;\u00e9 um vislumbre de um pouco da concretiza\u00e7\u00e3o da justi\u00e7a&#8221;.<\/p>\n\n\n\n<p><em>Fonte: g1<\/em><\/p>\n\n\n\n<p><strong><em><sup>S\u00e3o Gon\u00e7alo Vai Mudar. O Maior Portal da Cidade.<\/sup><\/em><\/strong><\/p>\n\n\n\n<figure class=\"wp-block-image size-full\"><img decoding=\"async\" width=\"251\" height=\"88\" src=\"https:\/\/sgvaimudar.com.br\/wp-content\/uploads\/2023\/08\/Logo.png\" alt=\"\" class=\"wp-image-2738\" \/><\/figure>\n","protected":false},"excerpt":{"rendered":"<p>Cl\u00e1udia Alvarim Barrozo foi condenada a 3 anos de pris\u00e3o, mas pena foi convertida em presta\u00e7\u00e3o de servi\u00e7os comunit\u00e1rios e&hellip;<\/p>\n","protected":false},"author":5,"featured_media":11655,"comment_status":"open","ping_status":"open","sticky":false,"template":"","format":"standard","meta":{"fifu_image_url":"","fifu_image_alt":"","footnotes":""},"categories":[32],"tags":[],"class_list":["post-11654","post","type-post","status-publish","format-standard","has-post-thumbnail","hentry","category-casos-de-policia"],"_links":{"self":[{"href":"https:\/\/sgvaimudar.com.br\/index.php\/wp-json\/wp\/v2\/posts\/11654","targetHints":{"allow":["GET"]}}],"collection":[{"href":"https:\/\/sgvaimudar.com.br\/index.php\/wp-json\/wp\/v2\/posts"}],"about":[{"href":"https:\/\/sgvaimudar.com.br\/index.php\/wp-json\/wp\/v2\/types\/post"}],"author":[{"embeddable":true,"href":"https:\/\/sgvaimudar.com.br\/index.php\/wp-json\/wp\/v2\/users\/5"}],"replies":[{"embeddable":true,"href":"https:\/\/sgvaimudar.com.br\/index.php\/wp-json\/wp\/v2\/comments?post=11654"}],"version-history":[{"count":1,"href":"https:\/\/sgvaimudar.com.br\/index.php\/wp-json\/wp\/v2\/posts\/11654\/revisions"}],"predecessor-version":[{"id":11656,"href":"https:\/\/sgvaimudar.com.br\/index.php\/wp-json\/wp\/v2\/posts\/11654\/revisions\/11656"}],"wp:featuredmedia":[{"embeddable":true,"href":"https:\/\/sgvaimudar.com.br\/index.php\/wp-json\/wp\/v2\/media\/11655"}],"wp:attachment":[{"href":"https:\/\/sgvaimudar.com.br\/index.php\/wp-json\/wp\/v2\/media?parent=11654"}],"wp:term":[{"taxonomy":"category","embeddable":true,"href":"https:\/\/sgvaimudar.com.br\/index.php\/wp-json\/wp\/v2\/categories?post=11654"},{"taxonomy":"post_tag","embeddable":true,"href":"https:\/\/sgvaimudar.com.br\/index.php\/wp-json\/wp\/v2\/tags?post=11654"}],"curies":[{"name":"wp","href":"https:\/\/api.w.org\/{rel}","templated":true}]}}