{"id":11649,"date":"2024-09-07T13:36:29","date_gmt":"2024-09-07T16:36:29","guid":{"rendered":"https:\/\/sgvaimudar.com.br\/?p=11649"},"modified":"2024-09-07T13:40:45","modified_gmt":"2024-09-07T16:40:45","slug":"niteroi-decreta-luto-de-tres-dias-pela-morte-de-sergio-mendes-aos-83-anos-nos-estados-unidos","status":"publish","type":"post","link":"https:\/\/sgvaimudar.com.br\/index.php\/2024\/09\/07\/niteroi-decreta-luto-de-tres-dias-pela-morte-de-sergio-mendes-aos-83-anos-nos-estados-unidos\/","title":{"rendered":"Niter\u00f3i decreta luto de tr\u00eas dias pela morte de Sergio Mendes, aos 83 anos nos Estados Unidos"},"content":{"rendered":"\n<p><em>O m\u00fasico morreu em Los Angeles, onde morava desde a d\u00e9cada de 1960. Segundo a fam\u00edlia, ele sofria com sequelas da Covid<\/em><\/p>\n\n\n\n<p>A cidade de Niter\u00f3i, decretou luto oficial em raz\u00e3o da morte do astro da m\u00fasica S\u00e9rgio Mendes, aos 83 anos, nesta sexta-feira (6). A informa\u00e7\u00e3o foi publicada nos Atos Oficiais pelo prefeito Axel Grael (PDT).<\/p>\n\n\n\n<p>Pelas m\u00e3os de Sergio Mendes, at\u00e9 composi\u00e7\u00f5es dos Beatles ganharam notas brasileiras. O m\u00fasico de Niter\u00f3i, no Rio de Janeiro, come\u00e7ou a carreira no lend\u00e1rio Beco das Garrafas, ao lado de outros g\u00eanios da MPB, como Tom Jobim, Vin\u00edcius de Moraes e Baden Powell. E foi l\u00e1, no reduto carioca da bossa nova, que ele ouviu pela primeira vez a composi\u00e7\u00e3o de Jorge Ben Jor &#8220;Mas que Nada&#8221;, em 1963.<\/p>\n\n\n\n<p>Tr\u00eas anos depois,&nbsp;uma vers\u00e3o de Sergio Mendes eternizou a m\u00fasica, que entrou na lista das cinco melhores composi\u00e7\u00f5es brasileiras da revista \u201cRolling Stone\u201d.&nbsp;Em 2006, a m\u00fasica foi gravada junto com o grupo americano Black Eyed Peas e se tornou o maior hit internacional dele.<\/p>\n\n\n\n<p>&#8220;A m\u00fasica brasileira tem uma for\u00e7a extraordin\u00e1ria. Eu toco essa m\u00fasica no mundo inteiro, \u00e9 impressionante. \u00c9 em portugu\u00eas, n\u00e3o \u00e9 em ingl\u00eas. E o mundo inteiro conhece essa m\u00fasica&#8221;, contou Sergio Mendes em entrevista ao Jornal da Globo em 2015.<\/p>\n\n\n\n<p>Era o principal single do disco \u201cTimeless\u201d, produzido por um dos integrantes do grupo, Will.i.am. Nesta sexta-feira (6), em uma rede social, o cantor americano escreveu em ingl\u00eas: &#8220;Amizade atemporal&#8221; &#8211; em um trocadilho que relembra o nome do disco.<\/p>\n\n\n\n<p>Em 2017, Sergio Mendes botou o p\u00fablico do Rock in Rio para dan\u00e7ar o hit junto com sua esposa, Gracinha, e a cantora Fergie.<\/p>\n\n\n\n<p>&#8220;O S\u00e9rgio Mendes tinha um p\u00fablico muito diversificado que foi se transformando ao longo do tempo. Mas a mensagem era clara. Ele \u00e9 o artista brasileiro que conseguiu ser o mais popular e manter essa popularidade\u201d, diz o produtor musical Nelson Motta.<\/p>\n\n\n\n<p>Essa mistura de MPB e m\u00fasica americana era a assinatura de S\u00e9rgio Mendes. Em seis d\u00e9cadas vivendo nos Estados Unidos, ele levou a m\u00fasica brasileira para palcos de todo o planeta&nbsp;\u2013 como um local em Nova York, onde se apresentou pela \u00faltima vez em 2022. Ele era uma esp\u00e9cie de embaixador da nossa m\u00fasica e chegou a se apresentar at\u00e9 na Casa Branca.<\/p>\n\n\n\n<p>O primeiro passo foi em 1962, junto com Stan Getz e Tom Jobim, quando participaram de um show hist\u00f3rico em Nova York.<\/p>\n\n\n\n<p>Os acordes sofisticados deram a S\u00e9rgio Mendes um Grammy de&nbsp;melhor \u00e1lbum de World Music&nbsp;em 1992 com o disco \u201cBrasileiro\u201d, que inclui &#8220;Lua Soberana&#8221;, a m\u00fasica que faz parte da trilha sonora das duas vers\u00f5es da novela \u201cRenascer\u201d.<\/p>\n\n\n\n<p>S\u00e9rgio ganhou tamb\u00e9m dois Grammies Latinos. Ajudou a lan\u00e7ar Carlinhos Brown no mercado internacional. Em 2012, os dois compuseram juntos a trilha sonora do filme de anima\u00e7\u00e3o \u201cRio\u201d, dirigido por Carlos Saldanha, e concorreram ao Oscar de Melhor Can\u00e7\u00e3o Original com &#8220;Real in Rio&#8221;.<\/p>\n\n\n\n<p>&#8220;A ideia era mostrar um Rio alegre, ensolarado, sensual, o Rio que a gente conhece\u201d, disse Sergio Mendes em entrevista ao Fant\u00e1stico em 2012.<\/p>\n\n\n\n<p>&#8220;O grande legado de Sergio foi dar uma cren\u00e7a a n\u00f3s, brasileiros, da internacionalidade da nossa m\u00fasica. O segredo era como ele misturava o mundo ao Brasil. Ent\u00e3o, ele \u00e9 o grande diplomata, \u00e9 o Brasil al\u00e9m fronteira,\u201d, afirma o cantor e compositor Carlinhos Brown.<\/p>\n\n\n\n<p>&#8220;Ele era uma inspira\u00e7\u00e3o de vida, uma pessoa que me ensinou muito em todos os aspectos. N\u00e3o s\u00f3 nos aspectos profissionais, mas nos aspectos de li\u00e7\u00e3o de vida mesmo\u201d, diz Carlos Saldanha, diretor do filme &#8220;Rio&#8221;.<\/p>\n\n\n\n<p>Jornais do mundo todo tamb\u00e9m registraram a partida dele.&nbsp;O americano \u201cThe New York Times\u201d destacou que S\u00e9rgio Mendes trouxe os ritmos brasileiros \u00e0s paradas de sucesso americanas.<\/p>\n\n\n\n<p>O m\u00fasico morreu em Los Angeles, onde morava desde a d\u00e9cada de 1960. Segundo a fam\u00edlia, ele sofria com sequelas da Covid.<\/p>\n\n\n\n<p><strong><em><sup>S\u00e3o Gon\u00e7alo Vai Mudar. O Maior Portal da Cidade.<\/sup><\/em><\/strong><\/p>\n\n\n\n<figure class=\"wp-block-image size-full\"><img decoding=\"async\" width=\"251\" height=\"88\" src=\"https:\/\/sgvaimudar.com.br\/wp-content\/uploads\/2023\/08\/Logo.png\" alt=\"\" class=\"wp-image-2738\" \/><\/figure>\n","protected":false},"excerpt":{"rendered":"<p>O m\u00fasico morreu em Los Angeles, onde morava desde a d\u00e9cada de 1960. Segundo a fam\u00edlia, ele sofria com sequelas&hellip;<\/p>\n","protected":false},"author":5,"featured_media":11650,"comment_status":"open","ping_status":"open","sticky":false,"template":"","format":"standard","meta":{"fifu_image_url":"","fifu_image_alt":"","footnotes":""},"categories":[1,34],"tags":[],"class_list":["post-11649","post","type-post","status-publish","format-standard","has-post-thumbnail","hentry","category-mundo","category-niteroi"],"_links":{"self":[{"href":"https:\/\/sgvaimudar.com.br\/index.php\/wp-json\/wp\/v2\/posts\/11649","targetHints":{"allow":["GET"]}}],"collection":[{"href":"https:\/\/sgvaimudar.com.br\/index.php\/wp-json\/wp\/v2\/posts"}],"about":[{"href":"https:\/\/sgvaimudar.com.br\/index.php\/wp-json\/wp\/v2\/types\/post"}],"author":[{"embeddable":true,"href":"https:\/\/sgvaimudar.com.br\/index.php\/wp-json\/wp\/v2\/users\/5"}],"replies":[{"embeddable":true,"href":"https:\/\/sgvaimudar.com.br\/index.php\/wp-json\/wp\/v2\/comments?post=11649"}],"version-history":[{"count":2,"href":"https:\/\/sgvaimudar.com.br\/index.php\/wp-json\/wp\/v2\/posts\/11649\/revisions"}],"predecessor-version":[{"id":11653,"href":"https:\/\/sgvaimudar.com.br\/index.php\/wp-json\/wp\/v2\/posts\/11649\/revisions\/11653"}],"wp:featuredmedia":[{"embeddable":true,"href":"https:\/\/sgvaimudar.com.br\/index.php\/wp-json\/wp\/v2\/media\/11650"}],"wp:attachment":[{"href":"https:\/\/sgvaimudar.com.br\/index.php\/wp-json\/wp\/v2\/media?parent=11649"}],"wp:term":[{"taxonomy":"category","embeddable":true,"href":"https:\/\/sgvaimudar.com.br\/index.php\/wp-json\/wp\/v2\/categories?post=11649"},{"taxonomy":"post_tag","embeddable":true,"href":"https:\/\/sgvaimudar.com.br\/index.php\/wp-json\/wp\/v2\/tags?post=11649"}],"curies":[{"name":"wp","href":"https:\/\/api.w.org\/{rel}","templated":true}]}}