{"id":11631,"date":"2024-09-07T12:43:54","date_gmt":"2024-09-07T15:43:54","guid":{"rendered":"https:\/\/sgvaimudar.com.br\/?p=11631"},"modified":"2024-09-07T12:43:54","modified_gmt":"2024-09-07T15:43:54","slug":"sao-goncalo-recebe-corrida-intercidades-neste-domingo","status":"publish","type":"post","link":"https:\/\/sgvaimudar.com.br\/index.php\/2024\/09\/07\/sao-goncalo-recebe-corrida-intercidades-neste-domingo\/","title":{"rendered":"S\u00e3o Gon\u00e7alo recebe Corrida Intercidades neste domingo"},"content":{"rendered":"\n<p><em> Secretaria de Transportes da Prefeitura montou esquema especial de tr\u00e2nsito. A entrega de kits acontece no Partage S\u00e3o Gon\u00e7alo, das 9h \u00e0s 17h <\/em><\/p>\n\n\n\n<p>A Prefeitura de S\u00e3o Gon\u00e7alo, atrav\u00e9s da Secretaria de Transportes, montou esquema especial de tr\u00e2nsito neste domingo (8), quando acontece o Projeto Corrida e Caminhada Intercidades, que deve reunir cerca de mil pessoas, entre participantes, organiza\u00e7\u00e3o e apoio. Ser\u00e3o 700 corredores a partir de 16 anos e 200 na caminhada a partir de 15 anos. As inscri\u00e7\u00f5es j\u00e1 est\u00e3o encerradas.<\/p>\n\n\n\n<p>Segundo as informa\u00e7\u00f5es, a largada da corrida ser\u00e1 \u00e0s 8h e da caminhada \u00e0s 8h e 30m no largo do ponto dos \u00f4nibus, atr\u00e1s do 7 Batalh\u00e3o do Alc\u00e2ntara (Av. Domingos Damasceno Duarte com Av. Presidente Kennedy) e a chegada no mesmo local.<\/p>\n\n\n\n<p>As vias que fazem parte do percurso da prova ser\u00e3o parcialmente interditadas. A Avenida Doutor Humberto Soeiro de Carvalho ser\u00e1 parcialmente interditada no trecho compreendido entre a Pra\u00e7a da Trindade e a Rua Pastor Waldemar Zarro; a Rua Pastor Waldemar Zarro ficar\u00e1 parcialmente interditada no trecho compreendido entre a Avenida Doutor Humberto Soeiro de Carvalho e a Avenida Presidente Kennedy; e a Avenida Presidente Kennedy ser\u00e1 parcialmente interditada no trecho compreendido entre a Rua Pastor Waldemar Zarro e a Avenida Domingos Damasceno Duarte. <\/p>\n\n\n\n<p>A interdi\u00e7\u00e3o nas ruas ter\u00e1 in\u00edcio \u00e0s 8h da manh\u00e3 deste domingo (8) at\u00e9 o fim da corrida.<\/p>\n\n\n\n<p>Al\u00e9m disso, ficar\u00e1 proibido o estacionamento de ve\u00edculos nas vias em quest\u00e3o e em todo trecho de interven\u00e7\u00e3o para a realiza\u00e7\u00e3o da corrida. Os ve\u00edculos que estiverem estacionados nelas estar\u00e3o sujeitos a remo\u00e7\u00e3o, conforme previsto no Art. 181 do C\u00f3digo de Tr\u00e2nsito Brasileiro (CTB).<\/p>\n\n\n\n<p>O Projeto Corrida e Caminhada Intercidades \u00e9 executado pela Institui\u00e7\u00e3o Esporte e Cidadania para Todos em parceria com a Prefeitura de S\u00e3o Gon\u00e7alo\/Secretaria de Esporte e Lazer.<\/p>\n\n\n\n<p><strong><em><sup>S\u00e3o Gon\u00e7alo Vai Mudar. O Maior Portal da Cidade.<\/sup><\/em><\/strong><\/p>\n\n\n\n<figure class=\"wp-block-image size-full\"><img decoding=\"async\" width=\"251\" height=\"88\" src=\"https:\/\/sgvaimudar.com.br\/wp-content\/uploads\/2023\/08\/Logo.png\" alt=\"\" class=\"wp-image-2738\" \/><\/figure>\n","protected":false},"excerpt":{"rendered":"<p>Secretaria de Transportes da Prefeitura montou esquema especial de tr\u00e2nsito. A entrega de kits acontece no Partage S\u00e3o Gon\u00e7alo, das&hellip;<\/p>\n","protected":false},"author":5,"featured_media":11632,"comment_status":"open","ping_status":"open","sticky":false,"template":"","format":"standard","meta":{"fifu_image_url":"","fifu_image_alt":"","footnotes":""},"categories":[3],"tags":[],"class_list":["post-11631","post","type-post","status-publish","format-standard","has-post-thumbnail","hentry","category-sao-goncalo"],"_links":{"self":[{"href":"https:\/\/sgvaimudar.com.br\/index.php\/wp-json\/wp\/v2\/posts\/11631","targetHints":{"allow":["GET"]}}],"collection":[{"href":"https:\/\/sgvaimudar.com.br\/index.php\/wp-json\/wp\/v2\/posts"}],"about":[{"href":"https:\/\/sgvaimudar.com.br\/index.php\/wp-json\/wp\/v2\/types\/post"}],"author":[{"embeddable":true,"href":"https:\/\/sgvaimudar.com.br\/index.php\/wp-json\/wp\/v2\/users\/5"}],"replies":[{"embeddable":true,"href":"https:\/\/sgvaimudar.com.br\/index.php\/wp-json\/wp\/v2\/comments?post=11631"}],"version-history":[{"count":1,"href":"https:\/\/sgvaimudar.com.br\/index.php\/wp-json\/wp\/v2\/posts\/11631\/revisions"}],"predecessor-version":[{"id":11633,"href":"https:\/\/sgvaimudar.com.br\/index.php\/wp-json\/wp\/v2\/posts\/11631\/revisions\/11633"}],"wp:featuredmedia":[{"embeddable":true,"href":"https:\/\/sgvaimudar.com.br\/index.php\/wp-json\/wp\/v2\/media\/11632"}],"wp:attachment":[{"href":"https:\/\/sgvaimudar.com.br\/index.php\/wp-json\/wp\/v2\/media?parent=11631"}],"wp:term":[{"taxonomy":"category","embeddable":true,"href":"https:\/\/sgvaimudar.com.br\/index.php\/wp-json\/wp\/v2\/categories?post=11631"},{"taxonomy":"post_tag","embeddable":true,"href":"https:\/\/sgvaimudar.com.br\/index.php\/wp-json\/wp\/v2\/tags?post=11631"}],"curies":[{"name":"wp","href":"https:\/\/api.w.org\/{rel}","templated":true}]}}