{"id":11586,"date":"2024-09-07T09:36:53","date_gmt":"2024-09-07T12:36:53","guid":{"rendered":"https:\/\/sgvaimudar.com.br\/?p=11586"},"modified":"2024-09-07T09:43:01","modified_gmt":"2024-09-07T12:43:01","slug":"eleicoes-2024-candidatos-percorrem-os-bairros-com-eleitores-e-fazem-corpo-a-corpo","status":"publish","type":"post","link":"https:\/\/sgvaimudar.com.br\/index.php\/2024\/09\/07\/eleicoes-2024-candidatos-percorrem-os-bairros-com-eleitores-e-fazem-corpo-a-corpo\/","title":{"rendered":"Elei\u00e7\u00f5es 2024: Candidatos percorrem os bairros com eleitores e fazem corpo a corpo"},"content":{"rendered":"\n<p><em>O candidato do Psol, Professor Josemar, esteve no Coluband\u00ea, j\u00e1 o do PSTU, Reginaldo Afonso (foto), caminhou pelo bairro do Porto Velho e Capit\u00e3o Nelson (PL) foi at\u00e9 a Pra\u00e7a da Trindade<\/em><\/p>\n\n\n\n<p>A campanha dos candidatos a prefeito de S\u00e3o Gon\u00e7alo entrou no 23\u00ba dia neste s\u00e1bado (7). Confira a programa\u00e7\u00e3o das campanhas que est\u00e1 sendo feita em ordem aleat\u00f3ria:<\/p>\n\n\n\n<p>O candidato do PSTU, Reginaldo Afonso, na manh\u00e3 da quinta-feira (5\/9), caminhou pelo bairro do Porto Velho, na companhia do candidato a vice Roberto Baeta e da candidata a vereadora Dayse Oliveira, conversando com eleitores.<\/p>\n\n\n\n<p>\u201cEsse bairro j\u00e1 foi reduto de f\u00e1bricas importantes. O que vemos hoje aqui \u00e9 produto do processo de desindustrializa\u00e7\u00e3o que afeta todo estado do Rio de Janeiro. S\u00e3o muitos trabalhadores em situa\u00e7\u00e3o de informalidade, com poucos ou nenhum direito trabalhista. Apresentamos um plano para gera\u00e7\u00e3o de empregos formais, que inclui a redu\u00e7\u00e3o da jornada de trabalho sem redu\u00e7\u00e3o de sal\u00e1rios e amplia\u00e7\u00e3o dos concursos p\u00fablicos em todas as \u00e1reas\u201d, declarou o candidato.<\/p>\n\n\n\n<p>\u00c0 tarde, ele concedeu entrevista ao programa \u201cQuintas Pol\u00edtico-Culturais\u201d, transmitido pelos canais da WebR\u00e1dio Censura Livre. De acordo com informa\u00e7\u00f5es, na sexta-feira (8\/9), o candidato passou o dia gravando v\u00eddeos de campanha para as redes sociais. <\/p>\n\n\n\n<p>Neste s\u00e1bado (7) ele participa de uma reuni\u00e3o virtual com apoiadores trabalhadores dos correios. J\u00e1 neste domingo (8) o candidato do PSTU participa de grava\u00e7\u00e3o de v\u00eddeos de campanha pela manh\u00e3 e \u00e0 tarde.<\/p>\n\n\n\n<p>O candidato a prefeito pela federa\u00e7\u00e3o Psol-Rede, Professor Josemar, na sexta-feira (6\/9) encontrou com correligion\u00e1rios no Coluband\u00ea. Ao lado do vice, Professor Capil\u00e9, o candidato ouviu den\u00fancias e propostas dos moradores sobre a \u00e1rea da sa\u00fade p\u00fablica municipal.<\/p>\n\n\n\n<figure class=\"wp-block-image size-large\"><img fetchpriority=\"high\" decoding=\"async\" width=\"1024\" height=\"768\" src=\"https:\/\/sgvaimudar.com.br\/wp-content\/uploads\/2024\/09\/WhatsApp-Image-2024-09-05-at-17.00.01-1-1024x768.jpeg\" alt=\"\" class=\"wp-image-11591\" srcset=\"https:\/\/sgvaimudar.com.br\/wp-content\/uploads\/2024\/09\/WhatsApp-Image-2024-09-05-at-17.00.01-1-1024x768.jpeg 1024w, https:\/\/sgvaimudar.com.br\/wp-content\/uploads\/2024\/09\/WhatsApp-Image-2024-09-05-at-17.00.01-1-300x225.jpeg 300w, https:\/\/sgvaimudar.com.br\/wp-content\/uploads\/2024\/09\/WhatsApp-Image-2024-09-05-at-17.00.01-1-768x576.jpeg 768w, https:\/\/sgvaimudar.com.br\/wp-content\/uploads\/2024\/09\/WhatsApp-Image-2024-09-05-at-17.00.01-1.jpeg 1280w\" sizes=\"(max-width: 1024px) 100vw, 1024px\" \/><\/figure>\n\n\n\n<p>&nbsp;\u201cNa minha gest\u00e3o, vamos fazer a defesa radical de um SUS de qualidade, gratuito e que atenda plenamente \u00e0s necessidades da popula\u00e7\u00e3o, combatendo a participa\u00e7\u00e3o de empres\u00e1rios, a corrup\u00e7\u00e3o na sa\u00fade p\u00fablica e lutando pelo fim das OS\u201d, declarou Professor Josemar.<\/p>\n\n\n\n<figure class=\"wp-block-image size-large\"><img decoding=\"async\" width=\"1024\" height=\"681\" src=\"https:\/\/sgvaimudar.com.br\/wp-content\/uploads\/2024\/09\/unnamed-5-2-1024x681.jpg\" alt=\"\" class=\"wp-image-11592\" srcset=\"https:\/\/sgvaimudar.com.br\/wp-content\/uploads\/2024\/09\/unnamed-5-2-1024x681.jpg 1024w, https:\/\/sgvaimudar.com.br\/wp-content\/uploads\/2024\/09\/unnamed-5-2-300x199.jpg 300w, https:\/\/sgvaimudar.com.br\/wp-content\/uploads\/2024\/09\/unnamed-5-2-768x511.jpg 768w, https:\/\/sgvaimudar.com.br\/wp-content\/uploads\/2024\/09\/unnamed-5-2-1536x1021.jpg 1536w, https:\/\/sgvaimudar.com.br\/wp-content\/uploads\/2024\/09\/unnamed-5-2-2048x1362.jpg 2048w\" sizes=\"(max-width: 1024px) 100vw, 1024px\" \/><\/figure>\n\n\n\n<p>J\u00e1 o candidato \u00e0 reelei\u00e7\u00e3o como prefeito de S\u00e3o Gon\u00e7alo do PL, Capit\u00e3o Nelson, participou na tarde desta sexta-feira (6\/9), de um evento de mobiliza\u00e7\u00e3o e apoio ao seu novo mandato com milhares de pessoas na Pra\u00e7a da Trindade. <\/p>\n\n\n\n<p>O \u201cDia do Bigode\u201d contou com a presen\u00e7a de apoiadores que, ao entrarem na brincadeira proposta, aderiram ao bigode, carater\u00edstica marcante do Capit\u00e3o Nelson.<\/p>\n\n\n\n<p>De forma descontra\u00edda e irreverente, eleitores demonstraram apoio \u00e0 reelei\u00e7\u00e3o de Capit\u00e3o, usando filtros de bigode nas redes sociais e tamb\u00e9m presencialmente, com bigodes posti\u00e7os em apoio \u00e0 a\u00e7\u00e3o. A mobiliza\u00e7\u00e3o foi realizada atrav\u00e9s das redes sociais do prefeito.<\/p>\n\n\n\n<p>\u201cAgrade\u00e7o a todo apoio que recebi hoje durante o evento. Vamos juntos por toda a cidade, falando com os gon\u00e7alenses em todos os cantos do nosso munic\u00edpio, falando sobre os avan\u00e7os da nossa cidade e tamb\u00e9m dos planos para que ela se torne ainda melhor no futuro\u201d, disse Capit\u00e3o Nelson, que participou da a\u00e7\u00e3o \u201cDia do Bigode\u201d ao lado do deputado estadual Douglas Ruas e do vice-prefeito na chapa, Jo\u00e3o Ventura, em cima de um trio el\u00e9trico.<\/p>\n\n\n\n<figure class=\"wp-block-image size-large\"><img decoding=\"async\" width=\"640\" height=\"1024\" src=\"https:\/\/sgvaimudar.com.br\/wp-content\/uploads\/2024\/09\/unnamed-6-1-640x1024.jpg\" alt=\"\" class=\"wp-image-11599\" srcset=\"https:\/\/sgvaimudar.com.br\/wp-content\/uploads\/2024\/09\/unnamed-6-1-640x1024.jpg 640w, https:\/\/sgvaimudar.com.br\/wp-content\/uploads\/2024\/09\/unnamed-6-1-188x300.jpg 188w, https:\/\/sgvaimudar.com.br\/wp-content\/uploads\/2024\/09\/unnamed-6-1-768x1229.jpg 768w, https:\/\/sgvaimudar.com.br\/wp-content\/uploads\/2024\/09\/unnamed-6-1.jpg 800w\" sizes=\"(max-width: 640px) 100vw, 640px\" \/><\/figure>\n\n\n\n<p>\u201cEstamos a um m\u00eas das elei\u00e7\u00f5es e achei muito legal um evento como esse, reunindo tanta gente que apoia o Capit\u00e3o. Fiz a barba e deixei o bigode pra entrar na brincadeira tamb\u00e9m\u201d, contou o comerciante Anderson Pereira, morador do Mutondo.<\/p>\n\n\n\n<p>O evento come\u00e7ou com uma carreata, que partiu da Rua Alzira Vargas, no Laranjal, passou pelo Vila Tr\u00eas, Mutondo e Alc\u00e2ntara e seguiu em dire\u00e7\u00e3o \u00e0 Pra\u00e7a Leonor Corr\u00eaa, conhecida como Pra\u00e7a da Trindade, onde apoiadores se reuniram para demonstrar apoio \u00e0 reelei\u00e7\u00e3o de Capit\u00e3o Nelson como prefeito de S\u00e3o Gon\u00e7alo.<\/p>\n\n\n\n<p>A reportagem do S\u00e3o Gon\u00e7alo Vai Mudar procurou a agenda dos candidatos Dimas Gadelha (PT), Jaqueline Pedroza (Novo) e Viviane Carvalho (PMN), mas n\u00e3o obteve resposta at\u00e9 o fechamento desta mat\u00e9ria.<\/p>\n\n\n\n<p><strong><em>S\u00e3o Gon\u00e7alo Vai Mudar. O Maior Portal da Cidade.<\/em><\/strong><\/p>\n\n\n\n<figure class=\"wp-block-image size-full\"><img loading=\"lazy\" decoding=\"async\" width=\"251\" height=\"88\" src=\"https:\/\/sgvaimudar.com.br\/wp-content\/uploads\/2023\/08\/Logo.png\" alt=\"\" class=\"wp-image-2738\" \/><\/figure>\n\n\n\n<p> <\/p>\n","protected":false},"excerpt":{"rendered":"<p>O candidato do Psol, Professor Josemar, esteve no Coluband\u00ea, j\u00e1 o do PSTU, Reginaldo Afonso (foto), caminhou pelo bairro do&hellip;<\/p>\n","protected":false},"author":5,"featured_media":11588,"comment_status":"open","ping_status":"open","sticky":false,"template":"","format":"standard","meta":{"fifu_image_url":"","fifu_image_alt":"","footnotes":""},"categories":[3],"tags":[],"class_list":["post-11586","post","type-post","status-publish","format-standard","has-post-thumbnail","hentry","category-sao-goncalo"],"_links":{"self":[{"href":"https:\/\/sgvaimudar.com.br\/index.php\/wp-json\/wp\/v2\/posts\/11586","targetHints":{"allow":["GET"]}}],"collection":[{"href":"https:\/\/sgvaimudar.com.br\/index.php\/wp-json\/wp\/v2\/posts"}],"about":[{"href":"https:\/\/sgvaimudar.com.br\/index.php\/wp-json\/wp\/v2\/types\/post"}],"author":[{"embeddable":true,"href":"https:\/\/sgvaimudar.com.br\/index.php\/wp-json\/wp\/v2\/users\/5"}],"replies":[{"embeddable":true,"href":"https:\/\/sgvaimudar.com.br\/index.php\/wp-json\/wp\/v2\/comments?post=11586"}],"version-history":[{"count":6,"href":"https:\/\/sgvaimudar.com.br\/index.php\/wp-json\/wp\/v2\/posts\/11586\/revisions"}],"predecessor-version":[{"id":11600,"href":"https:\/\/sgvaimudar.com.br\/index.php\/wp-json\/wp\/v2\/posts\/11586\/revisions\/11600"}],"wp:featuredmedia":[{"embeddable":true,"href":"https:\/\/sgvaimudar.com.br\/index.php\/wp-json\/wp\/v2\/media\/11588"}],"wp:attachment":[{"href":"https:\/\/sgvaimudar.com.br\/index.php\/wp-json\/wp\/v2\/media?parent=11586"}],"wp:term":[{"taxonomy":"category","embeddable":true,"href":"https:\/\/sgvaimudar.com.br\/index.php\/wp-json\/wp\/v2\/categories?post=11586"},{"taxonomy":"post_tag","embeddable":true,"href":"https:\/\/sgvaimudar.com.br\/index.php\/wp-json\/wp\/v2\/tags?post=11586"}],"curies":[{"name":"wp","href":"https:\/\/api.w.org\/{rel}","templated":true}]}}