{"id":11557,"date":"2024-09-06T11:00:00","date_gmt":"2024-09-06T14:00:00","guid":{"rendered":"https:\/\/sgvaimudar.com.br\/?p=11557"},"modified":"2024-09-06T09:44:06","modified_gmt":"2024-09-06T12:44:06","slug":"tre-indefere-candidatura-a-prefeito-do-rio-de-rodrigo-amorim-que-entra-com-recurso","status":"publish","type":"post","link":"https:\/\/sgvaimudar.com.br\/index.php\/2024\/09\/06\/tre-indefere-candidatura-a-prefeito-do-rio-de-rodrigo-amorim-que-entra-com-recurso\/","title":{"rendered":"TRE indefere candidatura a prefeito do Rio de Rodrigo Amorim, que entra com recurso"},"content":{"rendered":"\n<p><em>Candidato do Uni\u00e3o Brasil pode continuar com as agendas de campanha, mas tem o financiamento congelado at\u00e9 que o recurso seja julgado. Decis\u00e3o se d\u00e1 por condena\u00e7\u00e3o de Amorim por ofensas \u00e0 vereadora Benny Briolly em 2022<\/em><\/p>\n\n\n\n<p>O Tribunal Regional Eleitoral (TRE-RJ) indeferiu o registro de candidatura de Rodrigo Amorim (Uni\u00e3o Brasil) \u00e0 Prefeitura do Rio, nesta quinta-feira (5).<\/p>\n\n\n\n<p>Segundo o tribunal, al\u00e9m de n\u00e3o concorrer, o deputado estadual ter\u00e1 que devolver o dinheiro recebido que seria usado na campanha. O candidato informou que j\u00e1 entrou com recurso.<\/p>\n\n\n\n<p>Enquanto o recurso \u00e9 julgado, Amorim pode continuar com suas agendas de campanha \u2013 incluindo propaganda eleitoral, debates e entrevistas. Segundo o TRE, fica suspenso o &#8220;acesso do candidato aos recursos do Fundo Partid\u00e1rio e Fundo Especial de Financiamento de Campanha&#8221;.<\/p>\n\n\n\n<p>A decis\u00e3o do TRE acontece por conta da condena\u00e7\u00e3o de 1 ano e 4 meses de Rodrigo Amorim, que foi convertida em presta\u00e7\u00e3o de servi\u00e7os comunit\u00e1rios \u00e0 popula\u00e7\u00e3o em situa\u00e7\u00e3o de rua e o pagamento de 70 sal\u00e1rios-m\u00ednimos,\u00a0por ter ofendido a vereadora de Niter\u00f3i Benny Briolly (Psol), em um discurso durante uma sess\u00e3o da Alerj, em 2022.<\/p>\n\n\n\n<p>Em agosto, o pol\u00edtico tinha conseguido o efeito suspensivo da condena\u00e7\u00e3o at\u00e9 que a Corte terminasse de julgar os argumentos de defesa de Amorim. Com a condena\u00e7\u00e3o, ele fica ineleg\u00edvel at\u00e9 2032.<\/p>\n\n\n\n<p>Para assinar o indeferimento, o TRE entendeu que a inegilibidade n\u00e3o \u00e9 afastada por recursos com efeito suspensivo, mantendo a condena\u00e7\u00e3o como causa da inegibilidade.<\/p>\n\n\n\n<p>Na decis\u00e3o, a ju\u00edza Maria Paula Gouv\u00eaa Galhardo define ainda que o dinheiro p\u00fablico que seria destinado \u00e0 campanha seja devolvido.<\/p>\n\n\n\n<p>Na \u00e9poca, Amorim se referiu a Benny como &#8220;boi zebu&#8221; e &#8220;aberra\u00e7\u00e3o da natureza&#8221; pelo fato de ela ser trans.<\/p>\n\n\n\n<p>Na den\u00fancia, os procuradores regionais eleitorais Neide Cardoso de Oliveira e Jos\u00e9 Augusto Sim\u00e3o Vagos defenderam que ele \u201cconstrangeu, humilhou e perseguiu a v\u00edtima Benny Briolly, com menosprezo e discrimina\u00e7\u00e3o, subjugando-a\u201d. O julgamento foi por quatro votos a tr\u00eas.<\/p>\n\n\n\n<p><strong>DEFESA <\/strong>&#8211; O candidato disse que j\u00e1 entrou com recurso, que a campanha continua e que mant\u00e9m todas as agendas j\u00e1 marcadas para esta sexta-feira (6).<\/p>\n\n\n\n<p><em>&#8220;Como diz Roque Balboa, a verdadeira for\u00e7a est\u00e1 no quanto voc\u00ea consegue suportar e seguir em frente. A guerra contra o sistema nunca ser\u00e1 uma navega\u00e7\u00e3o em um mar calmo, mas sim com tormentas e maremotos.<\/em><\/p>\n\n\n\n<p><em>Tomei conhecimento h\u00e1 pouco da decis\u00e3o de primeira inst\u00e2ncia que, contrariando a decis\u00e3o do desembargador corregedor do TRE, indeferiu a minha candidatura. No entanto, eu j\u00e1 ingressei com o recurso cab\u00edvel e em nada muda a minha candidatura. Eu sou advogado, deputado, operador do direito e sempre seguirei confiando nas institui\u00e7\u00f5es. A nossa campanha est\u00e1 forte, est\u00e1 nas ruas e permanecer\u00e1 dessa forma&#8221;.<\/em><\/p>\n\n\n\n<p><strong><em><sup>S\u00e3o Gon\u00e7alo Vai Mudar. O Maior Portal da Cidade.<\/sup><\/em><\/strong><\/p>\n\n\n\n<figure class=\"wp-block-image size-full\"><img decoding=\"async\" width=\"251\" height=\"88\" src=\"https:\/\/sgvaimudar.com.br\/wp-content\/uploads\/2023\/08\/Logo.png\" alt=\"\" class=\"wp-image-2738\" \/><\/figure>\n","protected":false},"excerpt":{"rendered":"<p>Candidato do Uni\u00e3o Brasil pode continuar com as agendas de campanha, mas tem o financiamento congelado at\u00e9 que o recurso&hellip;<\/p>\n","protected":false},"author":5,"featured_media":11558,"comment_status":"open","ping_status":"open","sticky":false,"template":"","format":"standard","meta":{"fifu_image_url":"","fifu_image_alt":"","footnotes":""},"categories":[4],"tags":[],"class_list":["post-11557","post","type-post","status-publish","format-standard","has-post-thumbnail","hentry","category-brasil"],"_links":{"self":[{"href":"https:\/\/sgvaimudar.com.br\/index.php\/wp-json\/wp\/v2\/posts\/11557","targetHints":{"allow":["GET"]}}],"collection":[{"href":"https:\/\/sgvaimudar.com.br\/index.php\/wp-json\/wp\/v2\/posts"}],"about":[{"href":"https:\/\/sgvaimudar.com.br\/index.php\/wp-json\/wp\/v2\/types\/post"}],"author":[{"embeddable":true,"href":"https:\/\/sgvaimudar.com.br\/index.php\/wp-json\/wp\/v2\/users\/5"}],"replies":[{"embeddable":true,"href":"https:\/\/sgvaimudar.com.br\/index.php\/wp-json\/wp\/v2\/comments?post=11557"}],"version-history":[{"count":1,"href":"https:\/\/sgvaimudar.com.br\/index.php\/wp-json\/wp\/v2\/posts\/11557\/revisions"}],"predecessor-version":[{"id":11559,"href":"https:\/\/sgvaimudar.com.br\/index.php\/wp-json\/wp\/v2\/posts\/11557\/revisions\/11559"}],"wp:featuredmedia":[{"embeddable":true,"href":"https:\/\/sgvaimudar.com.br\/index.php\/wp-json\/wp\/v2\/media\/11558"}],"wp:attachment":[{"href":"https:\/\/sgvaimudar.com.br\/index.php\/wp-json\/wp\/v2\/media?parent=11557"}],"wp:term":[{"taxonomy":"category","embeddable":true,"href":"https:\/\/sgvaimudar.com.br\/index.php\/wp-json\/wp\/v2\/categories?post=11557"},{"taxonomy":"post_tag","embeddable":true,"href":"https:\/\/sgvaimudar.com.br\/index.php\/wp-json\/wp\/v2\/tags?post=11557"}],"curies":[{"name":"wp","href":"https:\/\/api.w.org\/{rel}","templated":true}]}}