{"id":11529,"date":"2024-09-06T09:05:00","date_gmt":"2024-09-06T12:05:00","guid":{"rendered":"https:\/\/sgvaimudar.com.br\/?p=11529"},"modified":"2024-09-06T09:05:00","modified_gmt":"2024-09-06T12:05:00","slug":"camera-flagra-tentativa-de-roubo-a-van-de-transporte-executivo-na-linha-vermelha-video","status":"publish","type":"post","link":"https:\/\/sgvaimudar.com.br\/index.php\/2024\/09\/06\/camera-flagra-tentativa-de-roubo-a-van-de-transporte-executivo-na-linha-vermelha-video\/","title":{"rendered":"C\u00e2mera flagra tentativa de roubo a van de transporte executivo na Linha Vermelha; v\u00eddeo"},"content":{"rendered":"\n<p><em>O crime ocorreu no acesso a Linha Amarela, altura do Timbau<\/em><\/p>\n\n\n\n<p>C\u00e2meras de seguran\u00e7a flagraram o momento em que criminosos armados tentam roubar uma van de transporte executivo de passageiros, na Linha Vermelha, no acesso da Linha Amarela, na altura do Timbau. O crime aconteceu na madrugada desta quinta-feira (5\/9).<\/p>\n\n\n\n<figure class=\"wp-block-video\"><video height=\"480\" style=\"aspect-ratio: 848 \/ 480;\" width=\"848\" controls src=\"https:\/\/sgvaimudar.com.br\/wp-content\/uploads\/2024\/09\/WhatsApp-Video-2024-09-05-at-12.45.10.mp4\"><\/video><\/figure>\n\n\n\n<p>O motorista, identificado como Mauro Cesar Siqueira, foi fechado por ocupantes de um carro preto na agulha e obrigado a parar a van no meio da via. Dois homens armados &#8211; ambos com os rostos cobertos por tocas ninjas, saem do autom\u00f3vel e anunciam o assalto.<\/p>\n\n\n\n<p>De acordo com a c\u00e2mera, o motorista, que foi muito \u00e1gil e tranquilo, fez uma manobra r\u00e1pida, deu r\u00e9 e desviou dos criminosos ao voltar para a Linha Vermelha seguindo em dire\u00e7\u00e3o ao Centro. Os bandidos, que ainda chegaram a atirar contra a van, seguiram em dire\u00e7\u00e3o a Linha Amarela. &#8220;Abaixa, abaixa&#8221;, gritou o motorista para uma mulher que estava no carona.<\/p>\n\n\n\n<p>Pelo v\u00eddeo d\u00e1 para perceber que ela ficou desesperada. &#8220;Vai, vai, acelera, acelera&#8221;, pedia ela que era acalmada pelo condutor. &#8220;Calma, calma, eles j\u00e1 foram, j\u00e1 foram&#8221;, disse no v\u00eddeo o motorista.<\/p>\n\n\n\n<p>Mauro comentou que est\u00e1 cansado de tentar se livrar dos criminosos. &#8220;Em outra ocasi\u00e3o em que fui pego o pr\u00f3prio bandido me perguntou porque que tentei escapar se o ve\u00edculo tinha seguro. Ent\u00e3o, respondi que foi no instinto ent\u00e3o ele entendeu&#8221;, afirmou o motorista.<\/p>\n\n\n\n<p>Os policiais do batalh\u00e3o de Vias Expressas disseram que n\u00e3o foram acionados. Motoristas afirmam que crimes como esse s\u00e3o frequentes naquela regi\u00e3o.<\/p>\n\n\n\n<p>Quem tiver informa\u00e7\u00f5es sobre alguma van que j\u00e1 tenha sido levada pode ligar para a Pol\u00edcia Militar, no 190, ou para o Disque-Den\u00fancia, atrav\u00e9s do 2253-1177.<\/p>\n\n\n\n<p><strong><em><sup>S\u00e3o Gon\u00e7alo Vai Mudar. O Maior Portal da Cidade.<\/sup><\/em><\/strong><\/p>\n\n\n\n<figure class=\"wp-block-image size-full\"><img decoding=\"async\" width=\"251\" height=\"88\" src=\"https:\/\/sgvaimudar.com.br\/wp-content\/uploads\/2023\/08\/Logo.png\" alt=\"\" class=\"wp-image-2738\" \/><\/figure>\n","protected":false},"excerpt":{"rendered":"<p>O crime ocorreu no acesso a Linha Amarela, altura do Timbau C\u00e2meras de seguran\u00e7a flagraram o momento em que criminosos&hellip;<\/p>\n","protected":false},"author":5,"featured_media":11546,"comment_status":"open","ping_status":"open","sticky":false,"template":"","format":"standard","meta":{"fifu_image_url":"","fifu_image_alt":"","footnotes":""},"categories":[32],"tags":[],"class_list":["post-11529","post","type-post","status-publish","format-standard","has-post-thumbnail","hentry","category-casos-de-policia"],"_links":{"self":[{"href":"https:\/\/sgvaimudar.com.br\/index.php\/wp-json\/wp\/v2\/posts\/11529","targetHints":{"allow":["GET"]}}],"collection":[{"href":"https:\/\/sgvaimudar.com.br\/index.php\/wp-json\/wp\/v2\/posts"}],"about":[{"href":"https:\/\/sgvaimudar.com.br\/index.php\/wp-json\/wp\/v2\/types\/post"}],"author":[{"embeddable":true,"href":"https:\/\/sgvaimudar.com.br\/index.php\/wp-json\/wp\/v2\/users\/5"}],"replies":[{"embeddable":true,"href":"https:\/\/sgvaimudar.com.br\/index.php\/wp-json\/wp\/v2\/comments?post=11529"}],"version-history":[{"count":6,"href":"https:\/\/sgvaimudar.com.br\/index.php\/wp-json\/wp\/v2\/posts\/11529\/revisions"}],"predecessor-version":[{"id":11547,"href":"https:\/\/sgvaimudar.com.br\/index.php\/wp-json\/wp\/v2\/posts\/11529\/revisions\/11547"}],"wp:featuredmedia":[{"embeddable":true,"href":"https:\/\/sgvaimudar.com.br\/index.php\/wp-json\/wp\/v2\/media\/11546"}],"wp:attachment":[{"href":"https:\/\/sgvaimudar.com.br\/index.php\/wp-json\/wp\/v2\/media?parent=11529"}],"wp:term":[{"taxonomy":"category","embeddable":true,"href":"https:\/\/sgvaimudar.com.br\/index.php\/wp-json\/wp\/v2\/categories?post=11529"},{"taxonomy":"post_tag","embeddable":true,"href":"https:\/\/sgvaimudar.com.br\/index.php\/wp-json\/wp\/v2\/tags?post=11529"}],"curies":[{"name":"wp","href":"https:\/\/api.w.org\/{rel}","templated":true}]}}