{"id":11514,"date":"2024-09-05T21:00:00","date_gmt":"2024-09-06T00:00:00","guid":{"rendered":"https:\/\/sgvaimudar.com.br\/?p=11514"},"modified":"2024-09-05T11:27:53","modified_gmt":"2024-09-05T14:27:53","slug":"convencao-no-monjolos-reune-mulheres-pela-democracia","status":"publish","type":"post","link":"https:\/\/sgvaimudar.com.br\/index.php\/2024\/09\/05\/convencao-no-monjolos-reune-mulheres-pela-democracia\/","title":{"rendered":"Conven\u00e7\u00e3o no Monjolos re\u00fane mulheres pela democracia"},"content":{"rendered":"\n<p>O Movimento Cidade no Feminino, promoveu, na manh\u00e3 desta quinta-feira (5), no bairro Monjolos, em S\u00e3o Gon\u00e7alo, a Conven\u00e7\u00e3o das Mulheres por Espa\u00e7os de Poder e Decis\u00e3o. A proposta visa fortalecer as candidaturas femininas na cidade e sensibilizar a sociedade e os partidos pol\u00edticos para a import\u00e2ncia do protagonismo feminino no fortalecimento da democracia. <\/p>\n\n\n\n<figure class=\"wp-block-image size-full\"><img fetchpriority=\"high\" decoding=\"async\" width=\"960\" height=\"720\" src=\"https:\/\/sgvaimudar.com.br\/wp-content\/uploads\/2024\/09\/WhatsApp-Image-2024-09-03-at-15.57.02.jpeg\" alt=\"\" class=\"wp-image-11516\" srcset=\"https:\/\/sgvaimudar.com.br\/wp-content\/uploads\/2024\/09\/WhatsApp-Image-2024-09-03-at-15.57.02.jpeg 960w, https:\/\/sgvaimudar.com.br\/wp-content\/uploads\/2024\/09\/WhatsApp-Image-2024-09-03-at-15.57.02-300x225.jpeg 300w, https:\/\/sgvaimudar.com.br\/wp-content\/uploads\/2024\/09\/WhatsApp-Image-2024-09-03-at-15.57.02-768x576.jpeg 768w\" sizes=\"(max-width: 960px) 100vw, 960px\" \/><\/figure>\n\n\n\n<p>O evento contou com a presen\u00e7a da deputada Benedita da Silva, coordenadora geral da Secretaria de Direitos da Mulher da C\u00e2mara de Deputados, al\u00e9m de 22 candidatas de diversos partidos pol\u00edticos.<\/p>\n\n\n\n<p>Criado no ano de 2020, o Movimento Cidade no Feminino trabalha por maior participa\u00e7\u00e3o pol\u00edtica e social das mulheres. A C\u00e2mara de Vereadores possui 27 cadeiras, por\u00e9m elegeu apenas uma mulher em 2020, refor\u00e7ando a necessidade de fortalecer as candidaturas femininas.<\/p>\n\n\n\n<p>A participa\u00e7\u00e3o das mulheres nos espa\u00e7os de poder e decis\u00e3o ainda \u00e9 uma luta dos movimentos sociais. Apesar da lei que obriga os partidos a destinar o m\u00ednimo de 30% das vagas para mulheres, n\u00e3o h\u00e1 equidade na distribui\u00e7\u00e3o dos recursos do fundo eleitoral para que elas tenham condi\u00e7\u00f5es de concorrer, se n\u00e3o com igualdade de condi\u00e7\u00f5es, pelo menos com dignidade.<\/p>\n\n\n\n<p><strong>Atua\u00e7\u00e3o na web e nas ruas<\/strong><\/p>\n\n\n\n<p>Com atividades de rua e nas redes sociais, o Movimento atua nas tem\u00e1ticas do empoderamento feminino. Em 2020, foram produzidos programas em r\u00e1dio na web, um abra\u00e7o na C\u00e2mara Legislativa, manifesta\u00e7\u00f5es na Pra\u00e7a. Em 2021, o webn\u00e1rio Mulher e Poder, realizado em parceria com o Festival Flisgo,movimentou mais de 15 mil pessoas nas redes sociais. Em 2022, a Marcha das Mulheres pela Democracia reuniu, no dia 22 de setembro, mais de 500 mulheres e contou com a presen\u00e7a de candidatas e parlamentares expoentes do cen\u00e1rio pol\u00edtico. Em 2023, ap\u00f3s as trag\u00e9dias e mortes por conta das enchentes, as mulheres foram \u00e0s ruas, com o temaDignidade Humana.<\/p>\n\n\n\n<p><strong>Parceria com a UFF<\/strong><\/p>\n\n\n\n<p>Segundo as informa\u00e7\u00f5es, Cidade no Feminino tamb\u00e9m atua em parceria com a Universidade Federal Fluminense,qualificando mulheres das comunidades perif\u00e9ricas. Em 2022, criou o Projeto Artem\u00edsia Letramento Social e Empreendedorismo Feminino, por onde j\u00e1 passaram mais de 200 mulheres de 11 bairros perif\u00e9ricos.<\/p>\n\n\n\n<p>Em 2024, a Conven\u00e7\u00e3o das Mulheres vem confirmar a import\u00e2ncia da representatividade feminina; as mulheres precisam e a democracia exige equidade na disputa pelos espa\u00e7os de poder e decis\u00e3o.<\/p>\n\n\n\n<p>O evento aconteceu no S\u00edtio Estrela da Manh\u00e3, na Rua Jo\u00e3o Batista de Oliveira, 100, Monjolos.<\/p>\n\n\n\n<p><strong><em><sup>S\u00e3o Gon\u00e7alo Vai Mudar. O Maior Portal da Cidade.<\/sup><\/em><\/strong><\/p>\n\n\n\n<figure class=\"wp-block-image size-full\"><img decoding=\"async\" width=\"251\" height=\"88\" src=\"https:\/\/sgvaimudar.com.br\/wp-content\/uploads\/2023\/08\/Logo.png\" alt=\"\" class=\"wp-image-2738\" \/><\/figure>\n","protected":false},"excerpt":{"rendered":"<p>O Movimento Cidade no Feminino, promoveu, na manh\u00e3 desta quinta-feira (5), no bairro Monjolos, em S\u00e3o Gon\u00e7alo, a Conven\u00e7\u00e3o das&hellip;<\/p>\n","protected":false},"author":5,"featured_media":11515,"comment_status":"open","ping_status":"open","sticky":false,"template":"","format":"standard","meta":{"fifu_image_url":"","fifu_image_alt":"","footnotes":""},"categories":[3],"tags":[],"class_list":["post-11514","post","type-post","status-publish","format-standard","has-post-thumbnail","hentry","category-sao-goncalo"],"_links":{"self":[{"href":"https:\/\/sgvaimudar.com.br\/index.php\/wp-json\/wp\/v2\/posts\/11514","targetHints":{"allow":["GET"]}}],"collection":[{"href":"https:\/\/sgvaimudar.com.br\/index.php\/wp-json\/wp\/v2\/posts"}],"about":[{"href":"https:\/\/sgvaimudar.com.br\/index.php\/wp-json\/wp\/v2\/types\/post"}],"author":[{"embeddable":true,"href":"https:\/\/sgvaimudar.com.br\/index.php\/wp-json\/wp\/v2\/users\/5"}],"replies":[{"embeddable":true,"href":"https:\/\/sgvaimudar.com.br\/index.php\/wp-json\/wp\/v2\/comments?post=11514"}],"version-history":[{"count":1,"href":"https:\/\/sgvaimudar.com.br\/index.php\/wp-json\/wp\/v2\/posts\/11514\/revisions"}],"predecessor-version":[{"id":11517,"href":"https:\/\/sgvaimudar.com.br\/index.php\/wp-json\/wp\/v2\/posts\/11514\/revisions\/11517"}],"wp:featuredmedia":[{"embeddable":true,"href":"https:\/\/sgvaimudar.com.br\/index.php\/wp-json\/wp\/v2\/media\/11515"}],"wp:attachment":[{"href":"https:\/\/sgvaimudar.com.br\/index.php\/wp-json\/wp\/v2\/media?parent=11514"}],"wp:term":[{"taxonomy":"category","embeddable":true,"href":"https:\/\/sgvaimudar.com.br\/index.php\/wp-json\/wp\/v2\/categories?post=11514"},{"taxonomy":"post_tag","embeddable":true,"href":"https:\/\/sgvaimudar.com.br\/index.php\/wp-json\/wp\/v2\/tags?post=11514"}],"curies":[{"name":"wp","href":"https:\/\/api.w.org\/{rel}","templated":true}]}}