{"id":11505,"date":"2024-09-05T15:00:00","date_gmt":"2024-09-05T18:00:00","guid":{"rendered":"https:\/\/sgvaimudar.com.br\/?p=11505"},"modified":"2024-09-05T17:42:05","modified_gmt":"2024-09-05T20:42:05","slug":"conjunto-historico-de-fortificacoes-em-niteroi-e-tombado","status":"publish","type":"post","link":"https:\/\/sgvaimudar.com.br\/index.php\/2024\/09\/05\/conjunto-historico-de-fortificacoes-em-niteroi-e-tombado\/","title":{"rendered":"Conjunto hist\u00f3rico de fortifica\u00e7\u00f5es em Niter\u00f3i \u00e9 tombado"},"content":{"rendered":"\n<p><em>Decis\u00e3o foi oficializada na ter\u00e7a-feira (3), durante reuni\u00e3o do Conselho Consultivo de Patrim\u00f4nio Cultural<\/em><\/p>\n\n\n\n<p>O imponente conjunto hist\u00f3rico, formado pelas fortifica\u00e7\u00f5es do complexo de Santa Cruz, Praia de Fora e Imbuhy, em Niter\u00f3i, foi tombado em \u00e2mbito nacional pelo Governo Federal, nesta ter\u00e7a-feira (3), durante a 105\u00aa reuni\u00e3o do Conselho Consultivo de Patrim\u00f4nio Cultural.<\/p>\n\n\n\n<p>O tombamento inclui os elementos do esquema defensivo extramuros da Fortaleza de Santa Cruz da Barra e os fortes localizados nas proximidades, al\u00e9m dos acervos de artilharia e o acervo religioso da Capela de Santa B\u00e1rbara, o Reduto do Pico e os morros e praias associados que se encontram sob tutela do ex\u00e9rcito.<\/p>\n\n\n\n<p>As fortifica\u00e7\u00f5es tiveram um papel muito importante como base de opera\u00e7\u00f5es da coroa portuguesa no per\u00edodo colonial, sendo bastante utilizada como ponto de defesa na luta contra invas\u00f5es, entre os s\u00e9culos&nbsp;16 e 17.<\/p>\n\n\n\n<p>A Fortaleza Santa Cruz se destacou em campanhas como as tentativas de ataques nas guerras holandesas, entre 1599 e 1663, at\u00e9 as invas\u00f5es francesas lideradas por DuClerc, em 1710, e Duguay-Troin, em 1711.<\/p>\n\n\n\n<p>O local tamb\u00e9m teve papel crucial em eventos internos como a Revolta da Armada, entre os anos de 1893 e 1895; a Revolta dos 18 do Forte, em 1922; e as Revolu\u00e7\u00f5es de 1924 e 1930.<\/p>\n\n\n\n<p><em>Fonte: O Dia<\/em><\/p>\n\n\n\n<figure class=\"wp-block-image size-large\"><img fetchpriority=\"high\" decoding=\"async\" width=\"1024\" height=\"321\" src=\"https:\/\/sgvaimudar.com.br\/wp-content\/uploads\/2023\/08\/Logo-Provisoria-2-1024x321.png\" alt=\"\" class=\"wp-image-2777\" srcset=\"https:\/\/sgvaimudar.com.br\/wp-content\/uploads\/2023\/08\/Logo-Provisoria-2-1024x321.png 1024w, https:\/\/sgvaimudar.com.br\/wp-content\/uploads\/2023\/08\/Logo-Provisoria-2-300x94.png 300w, https:\/\/sgvaimudar.com.br\/wp-content\/uploads\/2023\/08\/Logo-Provisoria-2-768x241.png 768w, https:\/\/sgvaimudar.com.br\/wp-content\/uploads\/2023\/08\/Logo-Provisoria-2-1536x482.png 1536w, https:\/\/sgvaimudar.com.br\/wp-content\/uploads\/2023\/08\/Logo-Provisoria-2-2048x642.png 2048w\" sizes=\"(max-width: 1024px) 100vw, 1024px\" \/><\/figure>\n","protected":false},"excerpt":{"rendered":"<p>Decis\u00e3o foi oficializada na ter\u00e7a-feira (3), durante reuni\u00e3o do Conselho Consultivo de Patrim\u00f4nio Cultural O imponente conjunto hist\u00f3rico, formado pelas&hellip;<\/p>\n","protected":false},"author":5,"featured_media":11506,"comment_status":"open","ping_status":"open","sticky":false,"template":"","format":"standard","meta":{"fifu_image_url":"","fifu_image_alt":"","footnotes":""},"categories":[34],"tags":[],"class_list":["post-11505","post","type-post","status-publish","format-standard","has-post-thumbnail","hentry","category-niteroi"],"_links":{"self":[{"href":"https:\/\/sgvaimudar.com.br\/index.php\/wp-json\/wp\/v2\/posts\/11505","targetHints":{"allow":["GET"]}}],"collection":[{"href":"https:\/\/sgvaimudar.com.br\/index.php\/wp-json\/wp\/v2\/posts"}],"about":[{"href":"https:\/\/sgvaimudar.com.br\/index.php\/wp-json\/wp\/v2\/types\/post"}],"author":[{"embeddable":true,"href":"https:\/\/sgvaimudar.com.br\/index.php\/wp-json\/wp\/v2\/users\/5"}],"replies":[{"embeddable":true,"href":"https:\/\/sgvaimudar.com.br\/index.php\/wp-json\/wp\/v2\/comments?post=11505"}],"version-history":[{"count":1,"href":"https:\/\/sgvaimudar.com.br\/index.php\/wp-json\/wp\/v2\/posts\/11505\/revisions"}],"predecessor-version":[{"id":11507,"href":"https:\/\/sgvaimudar.com.br\/index.php\/wp-json\/wp\/v2\/posts\/11505\/revisions\/11507"}],"wp:featuredmedia":[{"embeddable":true,"href":"https:\/\/sgvaimudar.com.br\/index.php\/wp-json\/wp\/v2\/media\/11506"}],"wp:attachment":[{"href":"https:\/\/sgvaimudar.com.br\/index.php\/wp-json\/wp\/v2\/media?parent=11505"}],"wp:term":[{"taxonomy":"category","embeddable":true,"href":"https:\/\/sgvaimudar.com.br\/index.php\/wp-json\/wp\/v2\/categories?post=11505"},{"taxonomy":"post_tag","embeddable":true,"href":"https:\/\/sgvaimudar.com.br\/index.php\/wp-json\/wp\/v2\/tags?post=11505"}],"curies":[{"name":"wp","href":"https:\/\/api.w.org\/{rel}","templated":true}]}}