{"id":11450,"date":"2024-09-04T17:00:00","date_gmt":"2024-09-04T20:00:00","guid":{"rendered":"https:\/\/sgvaimudar.com.br\/?p=11450"},"modified":"2024-09-04T10:02:45","modified_gmt":"2024-09-04T13:02:45","slug":"aulas-de-curso-de-grafite-tem-inicio-na-casa-do-empreendedor","status":"publish","type":"post","link":"https:\/\/sgvaimudar.com.br\/index.php\/2024\/09\/04\/aulas-de-curso-de-grafite-tem-inicio-na-casa-do-empreendedor\/","title":{"rendered":"Aulas de curso de grafite t\u00eam in\u00edcio na Casa do Empreendedor"},"content":{"rendered":"\n<p><em>Participantes aprender\u00e3o v\u00e1rias t\u00e9cnicas de desenho nos pr\u00f3ximos dois meses<\/em><\/p>\n\n\n\n<p>As aulas do &#8216;Curso Arte na Rua&#8217;, que vai ensinar, de forma gratuita, t\u00e9cnicas de grafite, desenho t\u00e9cnico, t\u00e9cnicas de muralismo, dentre outros temas da arte, tiveram in\u00edcio, nesta ter\u00e7a-feira (3), para os gon\u00e7alenses.<\/p>\n\n\n\n<p>O curso segue sendo ministrado na Casa do Empreendedor e \u00e9 oferecido pela Secretaria de Desenvolvimento Econ\u00f4mico da Prefeitura de S\u00e3o Gon\u00e7alo. As aulas ter\u00e3o  dura\u00e7\u00e3o de dois meses.<\/p>\n\n\n\n<figure class=\"wp-block-image size-large\"><img fetchpriority=\"high\" decoding=\"async\" width=\"1024\" height=\"683\" src=\"https:\/\/sgvaimudar.com.br\/wp-content\/uploads\/2024\/09\/unnamed-3-1024x683.jpg\" alt=\"\" class=\"wp-image-11451\" srcset=\"https:\/\/sgvaimudar.com.br\/wp-content\/uploads\/2024\/09\/unnamed-3-1024x683.jpg 1024w, https:\/\/sgvaimudar.com.br\/wp-content\/uploads\/2024\/09\/unnamed-3-300x200.jpg 300w, https:\/\/sgvaimudar.com.br\/wp-content\/uploads\/2024\/09\/unnamed-3-768x512.jpg 768w, https:\/\/sgvaimudar.com.br\/wp-content\/uploads\/2024\/09\/unnamed-3.jpg 1200w\" sizes=\"(max-width: 1024px) 100vw, 1024px\" \/><\/figure>\n\n\n\n<p>Ministradas pelo artista William Ferreira Peixoto, mais conhecido como William Kot\u00f3, sob a supervis\u00e3o do artista Marcelo Eco, as aulas est\u00e3o ocorrendo \u00e0s ter\u00e7as e quintas-feiras, com turmas divididas em diversos hor\u00e1rios.<\/p>\n\n\n\n<p>Para Eco, o curso busca formar novas talentos para uma nova gera\u00e7\u00e3o de artistas visuais em S\u00e3o Gon\u00e7alo. &#8220;O curso \u00e9 muito precioso, j\u00e1 que ser\u00e1 o respons\u00e1vel por uma nova gera\u00e7\u00e3o de artistas visuais na cidade. William Kot\u00f3 \u00e9 um dos grandes nomes do grafite e da tatuagem no munic\u00edpio. Os alunos est\u00e3o em \u00f3timas m\u00e3os e tamb\u00e9m participar\u00e3o de experi\u00eancias nos pain\u00e9is com artistas do projeto Cidade Ilustrada&#8221;, afirmou.<\/p>\n\n\n\n<p>Para Kot\u00f3, \u00e9 um privil\u00e9gio poder passar seus ensinamentos para os alunos. &#8220;Sou tatuador, mas o grafite marcou o in\u00edcio da minha carreira e o Marcelo Eco era minha refer\u00eancia quando eu fazia pintura nas ruas. Agora, vou repassar o que sei das t\u00e9cnicas de luz e sombra, letras e anatomia para serem utilizadas nos muros. A ideia desse curso \u00e9 muito legal e \u00e9 uma honra ensinar os jovens talentos&#8221;, afirmou o tatuador, que \u00e9 nascido em S\u00e3o Gon\u00e7alo e tem 42 anos.<\/p>\n\n\n\n<p>Um dos alunos do curso \u00e9 Fabiano Rodrigues Marques, que atua como tatuador. Ele soube do curso pela internet e resolveu se inscrever. &#8220;Achei interessante! Eu sempre tive interesse na t\u00e9cnica do grafite, mas nunca tive algu\u00e9m que pudesse orientar nesse sentido. Estou gostando do curso e ele soma com a minha profiss\u00e3o&#8221;, disse ele, que tem 40 anos e mora no Centro de S\u00e3o Gon\u00e7alo.<\/p>\n\n\n\n<p><strong><sup>S\u00e3o Gon\u00e7alo Vai Mudar. O Maior Portal da Cidade.<\/sup><\/strong><\/p>\n\n\n\n<figure class=\"wp-block-image size-full\"><img decoding=\"async\" width=\"251\" height=\"88\" src=\"https:\/\/sgvaimudar.com.br\/wp-content\/uploads\/2023\/08\/Logo.png\" alt=\"\" class=\"wp-image-2738\" \/><\/figure>\n","protected":false},"excerpt":{"rendered":"<p>Participantes aprender\u00e3o v\u00e1rias t\u00e9cnicas de desenho nos pr\u00f3ximos dois meses As aulas do &#8216;Curso Arte na Rua&#8217;, que vai ensinar,&hellip;<\/p>\n","protected":false},"author":5,"featured_media":11452,"comment_status":"open","ping_status":"open","sticky":false,"template":"","format":"standard","meta":{"fifu_image_url":"","fifu_image_alt":"","footnotes":""},"categories":[3],"tags":[],"class_list":["post-11450","post","type-post","status-publish","format-standard","has-post-thumbnail","hentry","category-sao-goncalo"],"_links":{"self":[{"href":"https:\/\/sgvaimudar.com.br\/index.php\/wp-json\/wp\/v2\/posts\/11450","targetHints":{"allow":["GET"]}}],"collection":[{"href":"https:\/\/sgvaimudar.com.br\/index.php\/wp-json\/wp\/v2\/posts"}],"about":[{"href":"https:\/\/sgvaimudar.com.br\/index.php\/wp-json\/wp\/v2\/types\/post"}],"author":[{"embeddable":true,"href":"https:\/\/sgvaimudar.com.br\/index.php\/wp-json\/wp\/v2\/users\/5"}],"replies":[{"embeddable":true,"href":"https:\/\/sgvaimudar.com.br\/index.php\/wp-json\/wp\/v2\/comments?post=11450"}],"version-history":[{"count":1,"href":"https:\/\/sgvaimudar.com.br\/index.php\/wp-json\/wp\/v2\/posts\/11450\/revisions"}],"predecessor-version":[{"id":11453,"href":"https:\/\/sgvaimudar.com.br\/index.php\/wp-json\/wp\/v2\/posts\/11450\/revisions\/11453"}],"wp:featuredmedia":[{"embeddable":true,"href":"https:\/\/sgvaimudar.com.br\/index.php\/wp-json\/wp\/v2\/media\/11452"}],"wp:attachment":[{"href":"https:\/\/sgvaimudar.com.br\/index.php\/wp-json\/wp\/v2\/media?parent=11450"}],"wp:term":[{"taxonomy":"category","embeddable":true,"href":"https:\/\/sgvaimudar.com.br\/index.php\/wp-json\/wp\/v2\/categories?post=11450"},{"taxonomy":"post_tag","embeddable":true,"href":"https:\/\/sgvaimudar.com.br\/index.php\/wp-json\/wp\/v2\/tags?post=11450"}],"curies":[{"name":"wp","href":"https:\/\/api.w.org\/{rel}","templated":true}]}}