{"id":11444,"date":"2024-09-04T13:00:00","date_gmt":"2024-09-04T16:00:00","guid":{"rendered":"https:\/\/sgvaimudar.com.br\/?p=11444"},"modified":"2024-09-04T15:40:36","modified_gmt":"2024-09-04T18:40:36","slug":"mulher-e-morta-a-facadas-dentro-de-casa-na-frente-da-filha-de-2-anos-em-sepetiba","status":"publish","type":"post","link":"https:\/\/sgvaimudar.com.br\/index.php\/2024\/09\/04\/mulher-e-morta-a-facadas-dentro-de-casa-na-frente-da-filha-de-2-anos-em-sepetiba\/","title":{"rendered":"Mulher \u00e9 morta a facadas dentro de casa, na frente da filha de 2 anos, em Sepetiba"},"content":{"rendered":"\n<p><em>Principal suspeito \u00e9 o ex-namorado de Martha Duarte de Oliveira, de 29 anos; a v\u00edtima tinha medidas protetivas contra o homem<\/em><\/p>\n\n\n\n<p>Uma mulher, de 29 anos, foi morta a facadas, na noite de segunda-feira (2\/9), em Sepetiba, na Zona Oeste do Rio. O ex-namorado de Martha Duarte de Oliveira \u00e9 o principal suspeito do crime. A v\u00edtima tinha medidas protetivas contra o homem.<\/p>\n\n\n\n<p>Segundo a Pol\u00edcia Militar, agentes do 27\u00ba BPM (Santa Cruz) foram acionados para chegar uma ocorr\u00eancia de feminic\u00eddio, na Estrada do Pia\u00ed.&nbsp;No local, a equipe recebeu a informa\u00e7\u00e3o de que, ap\u00f3s um desentendimento na resid\u00eancia, a v\u00edtima foi atingida por golpes de faca pelo seu ex-companheiro.<\/p>\n\n\n\n<p>Martha morreu dentro de casa. O crime teria sido realizado na frente da filha da v\u00edtima, de apenas 2 anos. Segundo familiares, a mulher possu\u00eda medida protetiva contra o suspeito.<\/p>\n\n\n\n<p>O caso \u00e9 investigado pela Delegacia de Homic\u00eddios da Capital (DHC). A per\u00edcia foi realizada no local e dilig\u00eancias est\u00e3o em andamento para localizar o criminoso e apurar a motiva\u00e7\u00e3o do crime.<\/p>\n\n\n\n<p>O corpo de Martha foi levado para o Instituto M\u00e9dico Legal (IML) do Centro. <\/p>\n\n\n\n<p><strong><em><sup>S\u00e3o Gon\u00e7alo Vai Mudar. O Maior Portal da Cidade.<\/sup><\/em><\/strong><\/p>\n\n\n\n<figure class=\"wp-block-image size-full\"><img decoding=\"async\" width=\"251\" height=\"88\" src=\"https:\/\/sgvaimudar.com.br\/wp-content\/uploads\/2023\/08\/Logo.png\" alt=\"\" class=\"wp-image-2738\" \/><\/figure>\n","protected":false},"excerpt":{"rendered":"<p>Principal suspeito \u00e9 o ex-namorado de Martha Duarte de Oliveira, de 29 anos; a v\u00edtima tinha medidas protetivas contra o&hellip;<\/p>\n","protected":false},"author":5,"featured_media":11445,"comment_status":"open","ping_status":"open","sticky":false,"template":"","format":"standard","meta":{"fifu_image_url":"","fifu_image_alt":"","footnotes":""},"categories":[32],"tags":[],"class_list":["post-11444","post","type-post","status-publish","format-standard","has-post-thumbnail","hentry","category-casos-de-policia"],"_links":{"self":[{"href":"https:\/\/sgvaimudar.com.br\/index.php\/wp-json\/wp\/v2\/posts\/11444","targetHints":{"allow":["GET"]}}],"collection":[{"href":"https:\/\/sgvaimudar.com.br\/index.php\/wp-json\/wp\/v2\/posts"}],"about":[{"href":"https:\/\/sgvaimudar.com.br\/index.php\/wp-json\/wp\/v2\/types\/post"}],"author":[{"embeddable":true,"href":"https:\/\/sgvaimudar.com.br\/index.php\/wp-json\/wp\/v2\/users\/5"}],"replies":[{"embeddable":true,"href":"https:\/\/sgvaimudar.com.br\/index.php\/wp-json\/wp\/v2\/comments?post=11444"}],"version-history":[{"count":2,"href":"https:\/\/sgvaimudar.com.br\/index.php\/wp-json\/wp\/v2\/posts\/11444\/revisions"}],"predecessor-version":[{"id":11463,"href":"https:\/\/sgvaimudar.com.br\/index.php\/wp-json\/wp\/v2\/posts\/11444\/revisions\/11463"}],"wp:featuredmedia":[{"embeddable":true,"href":"https:\/\/sgvaimudar.com.br\/index.php\/wp-json\/wp\/v2\/media\/11445"}],"wp:attachment":[{"href":"https:\/\/sgvaimudar.com.br\/index.php\/wp-json\/wp\/v2\/media?parent=11444"}],"wp:term":[{"taxonomy":"category","embeddable":true,"href":"https:\/\/sgvaimudar.com.br\/index.php\/wp-json\/wp\/v2\/categories?post=11444"},{"taxonomy":"post_tag","embeddable":true,"href":"https:\/\/sgvaimudar.com.br\/index.php\/wp-json\/wp\/v2\/tags?post=11444"}],"curies":[{"name":"wp","href":"https:\/\/api.w.org\/{rel}","templated":true}]}}