{"id":11441,"date":"2024-09-04T11:00:00","date_gmt":"2024-09-04T14:00:00","guid":{"rendered":"https:\/\/sgvaimudar.com.br\/?p=11441"},"modified":"2024-09-04T09:32:09","modified_gmt":"2024-09-04T12:32:09","slug":"mp-eleitoral-afirma-que-vice-prefeito-de-tangua-esta-inelegivel","status":"publish","type":"post","link":"https:\/\/sgvaimudar.com.br\/index.php\/2024\/09\/04\/mp-eleitoral-afirma-que-vice-prefeito-de-tangua-esta-inelegivel\/","title":{"rendered":"MP Eleitoral afirma que vice-prefeito de Tangu\u00e1 est\u00e1 ineleg\u00edvel"},"content":{"rendered":"\n<p><em>\u00d3rg\u00e3o recomendou a  impugna\u00e7\u00e3o da candidatura de Jailson Cardoso. A\u00e7\u00e3o foi da chapa advers\u00e1ria e resultou no parecer Justi\u00e7a<\/em><\/p>\n\n\n\n<p>O Minist\u00e9rio P\u00fablico Eleitoral do Estado do Rio de Janeiro recomendou o indeferimento da candidatura de Jailson Jos\u00e9 Cardoso ao cargo de vice-prefeito, na chapa que tem como titular o ex-prefeito Valber Marcelo, nas elei\u00e7\u00f5es de 2024 em Tangu\u00e1.<\/p>\n\n\n\n<p>Segundo as informa\u00e7\u00f5es, a manifesta\u00e7\u00e3o ocorreu em resposta a uma a\u00e7\u00e3o de impugna\u00e7\u00e3o ao registro de candidatura movida pela coliga\u00e7\u00e3o \u201cPara Tangu\u00e1 Seguir em Frente\u201d, composta pelos partidos Republicanos, MDB, PL, Uni\u00e3o, PSD, SDD e a Federa\u00e7\u00e3o PSDB\/Cidadania.<\/p>\n\n\n\n<p>De acordo com o promotor Paulo Jos\u00e9 Andrade de Araujo Sally, em despacho exarado no fim de agosto, (quarta-feira, 28), Jailson Cardoso n\u00e3o cumpriu integralmente as penas impostas em condena\u00e7\u00e3o anterior por improbidade administrativa. <\/p>\n\n\n\n<p>Ele disse que embora o per\u00edodo de suspens\u00e3o dos direitos pol\u00edticos tenha terminado, Jailson n\u00e3o pagou a multa civil nem ressarciu o preju\u00edzo ao er\u00e1rio, o que, segundo o promotor, impede o in\u00edcio da contagem dos oito anos de inelegibilidade. <\/p>\n\n\n\n<p>\u201cSe o pr\u00e9-candidato n\u00e3o cumpriu integralmente a pena imposta, imposs\u00edvel falar-se em registro de candidatura, tendo em vista a inelegibilidade imposta pela Constitui\u00e7\u00e3o Federal\u201d, afirmou o promotor.<\/p>\n\n\n\n<p>A Justi\u00e7a Eleitoral agora avaliar\u00e1 o pedido do Minist\u00e9rio P\u00fablico, com a decis\u00e3o final cabendo ao Tribunal Regional Eleitoral do Rio de Janeiro (TRE-RJ), que poder\u00e1 acatar ou n\u00e3o a recomenda\u00e7\u00e3o.<\/p>\n\n\n\n<p>As informa\u00e7\u00f5es foram colhidas do Minist\u00e9rio P\u00fablico Eleitoral do RJ atrav\u00e9s do processo de pedido de impugna\u00e7\u00e3o ao registro de candidatura n\u00famero 0600140-43.2024.6.19.0151.<\/p>\n\n\n\n<p>O resultado desse processo poder\u00e1 impactar significativamente a disputa eleitoral em Tangu\u00e1. A reportagem do Portal SG Vai Mudar procurou Jailson Cardoso, que n\u00e3o se manifestou.<\/p>\n\n\n\n<p><strong><em>S\u00e3o Gon\u00e7alo Vai Mudar. O Maior Portal da Cidade.<\/em><\/strong><\/p>\n\n\n\n<figure class=\"wp-block-image size-full\"><img decoding=\"async\" width=\"251\" height=\"88\" src=\"https:\/\/sgvaimudar.com.br\/wp-content\/uploads\/2023\/08\/Logo.png\" alt=\"\" class=\"wp-image-2738\" \/><\/figure>\n\n\n\n<p><\/p>\n","protected":false},"excerpt":{"rendered":"<p>\u00d3rg\u00e3o recomendou a impugna\u00e7\u00e3o da candidatura de Jailson Cardoso. A\u00e7\u00e3o foi da chapa advers\u00e1ria e resultou no parecer Justi\u00e7a O&hellip;<\/p>\n","protected":false},"author":5,"featured_media":11442,"comment_status":"open","ping_status":"open","sticky":false,"template":"","format":"standard","meta":{"fifu_image_url":"","fifu_image_alt":"","footnotes":""},"categories":[4],"tags":[],"class_list":["post-11441","post","type-post","status-publish","format-standard","has-post-thumbnail","hentry","category-brasil"],"_links":{"self":[{"href":"https:\/\/sgvaimudar.com.br\/index.php\/wp-json\/wp\/v2\/posts\/11441","targetHints":{"allow":["GET"]}}],"collection":[{"href":"https:\/\/sgvaimudar.com.br\/index.php\/wp-json\/wp\/v2\/posts"}],"about":[{"href":"https:\/\/sgvaimudar.com.br\/index.php\/wp-json\/wp\/v2\/types\/post"}],"author":[{"embeddable":true,"href":"https:\/\/sgvaimudar.com.br\/index.php\/wp-json\/wp\/v2\/users\/5"}],"replies":[{"embeddable":true,"href":"https:\/\/sgvaimudar.com.br\/index.php\/wp-json\/wp\/v2\/comments?post=11441"}],"version-history":[{"count":1,"href":"https:\/\/sgvaimudar.com.br\/index.php\/wp-json\/wp\/v2\/posts\/11441\/revisions"}],"predecessor-version":[{"id":11443,"href":"https:\/\/sgvaimudar.com.br\/index.php\/wp-json\/wp\/v2\/posts\/11441\/revisions\/11443"}],"wp:featuredmedia":[{"embeddable":true,"href":"https:\/\/sgvaimudar.com.br\/index.php\/wp-json\/wp\/v2\/media\/11442"}],"wp:attachment":[{"href":"https:\/\/sgvaimudar.com.br\/index.php\/wp-json\/wp\/v2\/media?parent=11441"}],"wp:term":[{"taxonomy":"category","embeddable":true,"href":"https:\/\/sgvaimudar.com.br\/index.php\/wp-json\/wp\/v2\/categories?post=11441"},{"taxonomy":"post_tag","embeddable":true,"href":"https:\/\/sgvaimudar.com.br\/index.php\/wp-json\/wp\/v2\/tags?post=11441"}],"curies":[{"name":"wp","href":"https:\/\/api.w.org\/{rel}","templated":true}]}}