{"id":11421,"date":"2024-09-04T08:31:07","date_gmt":"2024-09-04T11:31:07","guid":{"rendered":"https:\/\/sgvaimudar.com.br\/?p=11421"},"modified":"2024-09-04T08:33:06","modified_gmt":"2024-09-04T11:33:06","slug":"eleicoes-2024-capitao-nelson-diz-que-nao-para-um-minuto-e-populacao-reconhece-seu-trabalho","status":"publish","type":"post","link":"https:\/\/sgvaimudar.com.br\/index.php\/2024\/09\/04\/eleicoes-2024-capitao-nelson-diz-que-nao-para-um-minuto-e-populacao-reconhece-seu-trabalho\/","title":{"rendered":"Elei\u00e7\u00f5es 2024: Capit\u00e3o Nelson diz que n\u00e3o para um minuto e popula\u00e7\u00e3o reconhece seu trabalho"},"content":{"rendered":"\n<p><em>Candidato \u00e0 reelei\u00e7\u00e3o falou da import\u00e2ncia de dar continuidade ao desenvolvimento da cidade<\/em><\/p>\n\n\n\n<p>Se tem uma coisa que a dona Ivanilda Serrano Gomes, de 68 anos, gosta de falar \u00e9 de sua admira\u00e7\u00e3o por Capit\u00e3o Nelson, que carinhosamente chama de <strong><em>bigode<\/em><\/strong>. Ela disse que, como moradora do Galo Branco, n\u00e3o v\u00ea a hora de subir no terra\u00e7o para ver a carreata vitoriosa do seu candidato passar.<\/p>\n\n\n\n<figure class=\"wp-block-image size-large\"><img fetchpriority=\"high\" decoding=\"async\" width=\"576\" height=\"1024\" src=\"https:\/\/sgvaimudar.com.br\/wp-content\/uploads\/2024\/09\/WhatsApp-Image-2024-09-04-at-08.28.48-576x1024.jpeg\" alt=\"\" class=\"wp-image-11422\" srcset=\"https:\/\/sgvaimudar.com.br\/wp-content\/uploads\/2024\/09\/WhatsApp-Image-2024-09-04-at-08.28.48-576x1024.jpeg 576w, https:\/\/sgvaimudar.com.br\/wp-content\/uploads\/2024\/09\/WhatsApp-Image-2024-09-04-at-08.28.48-169x300.jpeg 169w, https:\/\/sgvaimudar.com.br\/wp-content\/uploads\/2024\/09\/WhatsApp-Image-2024-09-04-at-08.28.48-768x1366.jpeg 768w, https:\/\/sgvaimudar.com.br\/wp-content\/uploads\/2024\/09\/WhatsApp-Image-2024-09-04-at-08.28.48-864x1536.jpeg 864w, https:\/\/sgvaimudar.com.br\/wp-content\/uploads\/2024\/09\/WhatsApp-Image-2024-09-04-at-08.28.48.jpeg 899w\" sizes=\"(max-width: 576px) 100vw, 576px\" \/><\/figure>\n\n\n\n<p>&#8220;Ele tem fama de ter sido um militar rigoroso. Um bom homem de fam\u00edlia, que trabalha muito, gosta da gente e, principalmente, gosta de um bom atendimento para todos&#8221;, elogiou a dona de casa o candidato \u00e0 reelei\u00e7\u00e3o como prefeito de S\u00e3o Gon\u00e7alo, Capit\u00e3o Nelson, que passou a manh\u00e3 de ter\u00e7a-feira (3) cumprindo agendas de governo. <\/p>\n\n\n\n<p>Durante a noite, o candidato teve dois encontros com candidatos a vereador e eleitores.<\/p>\n\n\n\n<p>Ainda na \u00faltima segunda-feira (2), junto ao deputado estadual Douglas Ruas, Capit\u00e3o Nelson participou de reuni\u00f5es com candidatos a vereador nos bairros Coluband\u00ea e Santa Catarina, onde p\u00f4de conversar com eleitores sobre o futuro da cidade.<\/p>\n\n\n\n<p>Ao falar dos avan\u00e7os em S\u00e3o Gon\u00e7alo, Capit\u00e3o ressaltou que ainda h\u00e1 muito a ser feito, tendo em vista os anos nos quais o munic\u00edpio ficou estagnado, em decorr\u00eancia das m\u00e1s gest\u00f5es do passado.<\/p>\n\n\n\n<p>\u201cEu sei que n\u00e3o vou resolver os problemas de S\u00e3o Gon\u00e7alo em quatro anos. Ningu\u00e9m vai. &nbsp;Temos aqui 249 quil\u00f4metros quadrados, noventa e tr\u00eas bairros, cada um com mais problemas do que o outro. Sofremos com d\u00e9cadas de atraso. N\u00e3o tem como atingir objetivos sem que haja empenho, dedica\u00e7\u00e3o e trabalho. Conhe\u00e7o essa cidade, sei dos problemas e das car\u00eancias que ela tem. Estamos trabalhando muito para transformar S\u00e3o Gon\u00e7alo\u201d, disse.<\/p>\n\n\n\n<p>O reconhecimento pela grande transforma\u00e7\u00e3o da cidade em um curto espa\u00e7o de tempo, foi mencionado pelo deputado estadual Douglas Ruas.<\/p>\n\n\n\n<p>\u201cHoje, passados tr\u00eas anos e oito meses da gest\u00e3o Capit\u00e3o Nelson, podemos andar de cabe\u00e7a erguida pela cidade. \u00c9 um trabalho que vem recebendo o reconhecimento da popula\u00e7\u00e3o, que percebe que S\u00e3o Gon\u00e7alo avan\u00e7ou sim em diversas \u00e1reas\u201d, destacou o deputado, que enfatizou tamb\u00e9m a for\u00e7a pol\u00edtica que S\u00e3o Gon\u00e7alo tem demonstrado, at\u00e9 mesmo nacionalmente.<\/p>\n\n\n\n<p><strong><em><sup>S\u00e3o Gon\u00e7alo Vai Mudar O Maior Portal da Cidade.<\/sup><\/em><\/strong><\/p>\n\n\n\n<figure class=\"wp-block-image size-large\"><img decoding=\"async\" width=\"1024\" height=\"321\" src=\"https:\/\/sgvaimudar.com.br\/wp-content\/uploads\/2023\/08\/Logo-Provisoria-2-1024x321.png\" alt=\"\" class=\"wp-image-2777\" srcset=\"https:\/\/sgvaimudar.com.br\/wp-content\/uploads\/2023\/08\/Logo-Provisoria-2-1024x321.png 1024w, https:\/\/sgvaimudar.com.br\/wp-content\/uploads\/2023\/08\/Logo-Provisoria-2-300x94.png 300w, https:\/\/sgvaimudar.com.br\/wp-content\/uploads\/2023\/08\/Logo-Provisoria-2-768x241.png 768w, https:\/\/sgvaimudar.com.br\/wp-content\/uploads\/2023\/08\/Logo-Provisoria-2-1536x482.png 1536w, https:\/\/sgvaimudar.com.br\/wp-content\/uploads\/2023\/08\/Logo-Provisoria-2-2048x642.png 2048w\" sizes=\"(max-width: 1024px) 100vw, 1024px\" \/><\/figure>\n","protected":false},"excerpt":{"rendered":"<p>Candidato \u00e0 reelei\u00e7\u00e3o falou da import\u00e2ncia de dar continuidade ao desenvolvimento da cidade Se tem uma coisa que a dona&hellip;<\/p>\n","protected":false},"author":5,"featured_media":11423,"comment_status":"open","ping_status":"open","sticky":false,"template":"","format":"standard","meta":{"fifu_image_url":"","fifu_image_alt":"","footnotes":""},"categories":[3],"tags":[],"class_list":["post-11421","post","type-post","status-publish","format-standard","has-post-thumbnail","hentry","category-sao-goncalo"],"_links":{"self":[{"href":"https:\/\/sgvaimudar.com.br\/index.php\/wp-json\/wp\/v2\/posts\/11421","targetHints":{"allow":["GET"]}}],"collection":[{"href":"https:\/\/sgvaimudar.com.br\/index.php\/wp-json\/wp\/v2\/posts"}],"about":[{"href":"https:\/\/sgvaimudar.com.br\/index.php\/wp-json\/wp\/v2\/types\/post"}],"author":[{"embeddable":true,"href":"https:\/\/sgvaimudar.com.br\/index.php\/wp-json\/wp\/v2\/users\/5"}],"replies":[{"embeddable":true,"href":"https:\/\/sgvaimudar.com.br\/index.php\/wp-json\/wp\/v2\/comments?post=11421"}],"version-history":[{"count":4,"href":"https:\/\/sgvaimudar.com.br\/index.php\/wp-json\/wp\/v2\/posts\/11421\/revisions"}],"predecessor-version":[{"id":11428,"href":"https:\/\/sgvaimudar.com.br\/index.php\/wp-json\/wp\/v2\/posts\/11421\/revisions\/11428"}],"wp:featuredmedia":[{"embeddable":true,"href":"https:\/\/sgvaimudar.com.br\/index.php\/wp-json\/wp\/v2\/media\/11423"}],"wp:attachment":[{"href":"https:\/\/sgvaimudar.com.br\/index.php\/wp-json\/wp\/v2\/media?parent=11421"}],"wp:term":[{"taxonomy":"category","embeddable":true,"href":"https:\/\/sgvaimudar.com.br\/index.php\/wp-json\/wp\/v2\/categories?post=11421"},{"taxonomy":"post_tag","embeddable":true,"href":"https:\/\/sgvaimudar.com.br\/index.php\/wp-json\/wp\/v2\/tags?post=11421"}],"curies":[{"name":"wp","href":"https:\/\/api.w.org\/{rel}","templated":true}]}}