{"id":11413,"date":"2024-09-03T19:00:00","date_gmt":"2024-09-03T22:00:00","guid":{"rendered":"https:\/\/sgvaimudar.com.br\/?p=11413"},"modified":"2024-09-03T11:01:43","modified_gmt":"2024-09-03T14:01:43","slug":"oposicao-vai-usar-bloqueio-do-x-para-pressionar-por-impeachment-de-moraes","status":"publish","type":"post","link":"https:\/\/sgvaimudar.com.br\/index.php\/2024\/09\/03\/oposicao-vai-usar-bloqueio-do-x-para-pressionar-por-impeachment-de-moraes\/","title":{"rendered":"Oposi\u00e7\u00e3o vai usar bloqueio do X para pressionar por impeachment de Moraes"},"content":{"rendered":"\n<p><em>Ministro do Supremo Tribunal Federal ordenou que o X fosse suspenso em raz\u00e3o do empres\u00e1rio Elon Musk n\u00e3o ter apresentado um representante legal da empresa no Brasil ap\u00f3s intima\u00e7\u00e3o<\/em><\/p>\n\n\n\n<p>A decis\u00e3o de retirar o X do ar ser\u00e1 explorada pela oposi\u00e7\u00e3o no pedido de impeachment contra o ministro Alexandre de Moraes, do Supremo Tribunal Federal (STF). O pedido deve ser apresentado no dia 9 de setembro.<\/p>\n\n\n\n<p>Pol\u00edticos que apoiam a abertura do processo afirmam que a determina\u00e7\u00e3o de Moraes \u00e9 a \u201cmais grave\u201d tomada pelo ministro at\u00e9 hoje.<\/p>\n\n\n\n<p>Esses mesmos parlamentares consideram que a decis\u00e3o atenta contra a liberdade de express\u00e3o e d\u00e1 margem para a popula\u00e7\u00e3o se mobilizar em protestos contra o ministro.<\/p>\n\n\n\n<p>A decis\u00e3o sobre dar segmento \u00e0 abertura de um processo de impedimento de Moraes cabe ao presidente do Senado.<\/p>\n\n\n\n<p>Rodrigo Pacheco j\u00e1 virou alvo de cobran\u00e7as em diversas publica\u00e7\u00f5es publicadas por integrantes da oposi\u00e7\u00e3o no pr\u00f3prio X.<\/p>\n\n\n\n<p>\u201cN\u00e3o h\u00e1 outro caminho para restabelecer o m\u00ednimo da normalidade democr\u00e1tica e o respeito a Constitui\u00e7\u00e3o @rodrigopacheco: receba e abra o impeachment!\u201d, destacou o l\u00edder do PL no Senado, Carlos Portinho, em suas redes sociais.<\/p>\n\n\n\n<p>\u201cN\u00f3s vamos ficar em cima disso, na tribuna\u201d, disse depois \u00e0\u00a0<strong>CNN<\/strong>.<\/p>\n\n\n\n<p>Nesta sexta-feira (30), mesma data da decis\u00e3o, Pacheco participou de uma cerim\u00f4nia em homenagem a Moraes. N\u00e3o houve cita\u00e7\u00e3o ao caso \u201cX\u201d, mas teve elogios \u00e0 conduta do ministro.<\/p>\n\n\n\n<p>Pacheco afirmou que Moraes foi \u201cfundamental para tornar a democracia inabalada\u201d e deve manter \u201cabsolutamente convic\u00e7\u00e3o\u201d de seus prop\u00f3sitos.<\/p>\n\n\n\n<p><strong><em><sup>S\u00e3o Gon\u00e7alo Vai Mudar. O Maior Portal da Cidade.<\/sup><\/em><\/strong><\/p>\n\n\n\n<figure class=\"wp-block-image size-full\"><img decoding=\"async\" width=\"250\" height=\"87\" src=\"https:\/\/sgvaimudar.com.br\/wp-content\/uploads\/2023\/08\/cropped-Logo.png\" alt=\"\" class=\"wp-image-2739\" \/><\/figure>\n","protected":false},"excerpt":{"rendered":"<p>Ministro do Supremo Tribunal Federal ordenou que o X fosse suspenso em raz\u00e3o do empres\u00e1rio Elon Musk n\u00e3o ter apresentado&hellip;<\/p>\n","protected":false},"author":5,"featured_media":11414,"comment_status":"open","ping_status":"open","sticky":false,"template":"","format":"standard","meta":{"fifu_image_url":"","fifu_image_alt":"","footnotes":""},"categories":[4],"tags":[],"class_list":["post-11413","post","type-post","status-publish","format-standard","has-post-thumbnail","hentry","category-brasil"],"_links":{"self":[{"href":"https:\/\/sgvaimudar.com.br\/index.php\/wp-json\/wp\/v2\/posts\/11413","targetHints":{"allow":["GET"]}}],"collection":[{"href":"https:\/\/sgvaimudar.com.br\/index.php\/wp-json\/wp\/v2\/posts"}],"about":[{"href":"https:\/\/sgvaimudar.com.br\/index.php\/wp-json\/wp\/v2\/types\/post"}],"author":[{"embeddable":true,"href":"https:\/\/sgvaimudar.com.br\/index.php\/wp-json\/wp\/v2\/users\/5"}],"replies":[{"embeddable":true,"href":"https:\/\/sgvaimudar.com.br\/index.php\/wp-json\/wp\/v2\/comments?post=11413"}],"version-history":[{"count":1,"href":"https:\/\/sgvaimudar.com.br\/index.php\/wp-json\/wp\/v2\/posts\/11413\/revisions"}],"predecessor-version":[{"id":11415,"href":"https:\/\/sgvaimudar.com.br\/index.php\/wp-json\/wp\/v2\/posts\/11413\/revisions\/11415"}],"wp:featuredmedia":[{"embeddable":true,"href":"https:\/\/sgvaimudar.com.br\/index.php\/wp-json\/wp\/v2\/media\/11414"}],"wp:attachment":[{"href":"https:\/\/sgvaimudar.com.br\/index.php\/wp-json\/wp\/v2\/media?parent=11413"}],"wp:term":[{"taxonomy":"category","embeddable":true,"href":"https:\/\/sgvaimudar.com.br\/index.php\/wp-json\/wp\/v2\/categories?post=11413"},{"taxonomy":"post_tag","embeddable":true,"href":"https:\/\/sgvaimudar.com.br\/index.php\/wp-json\/wp\/v2\/tags?post=11413"}],"curies":[{"name":"wp","href":"https:\/\/api.w.org\/{rel}","templated":true}]}}