{"id":11396,"date":"2024-09-03T13:00:00","date_gmt":"2024-09-03T16:00:00","guid":{"rendered":"https:\/\/sgvaimudar.com.br\/?p=11396"},"modified":"2024-09-03T10:05:01","modified_gmt":"2024-09-03T13:05:01","slug":"governador-do-rio-nomeia-novos-secretarios-de-policia-civil-e-defesa-civil","status":"publish","type":"post","link":"https:\/\/sgvaimudar.com.br\/index.php\/2024\/09\/03\/governador-do-rio-nomeia-novos-secretarios-de-policia-civil-e-defesa-civil\/","title":{"rendered":"Governador do Rio nomeia novos secret\u00e1rios de Pol\u00edcia Civil e Defesa Civil"},"content":{"rendered":"\n<p>O governador Cl\u00e1udio Castro nomear\u00e1, nesta ter\u00e7a-feira (03.09), em Di\u00e1rio Oficial, o delegado Felipe Curi como secret\u00e1rio da Pol\u00edcia Civil e o coronel Tarciso de Salles Junior como secret\u00e1rio de Defesa Civil e comandante do Corpo de Bombeiros do Estado do Rio. <\/p>\n\n\n\n<p>Curi assumir\u00e1 o cargo no lugar de Marcus Amim, e Tarciso de Salles Junior suceder\u00e1 o coronel Leandro Monteiro. As mudan\u00e7as buscam aprimorar as pol\u00edticas de seguran\u00e7a p\u00fablica fluminense.<\/p>\n\n\n\n<p>&#8211; As mudan\u00e7as t\u00eam como objetivo refor\u00e7ar nossas pol\u00edticas voltadas \u00e0 seguran\u00e7a p\u00fablica. Aproveito para agradecer toda dedica\u00e7\u00e3o e empenho do coronel Leandro Monteiro e do delegado Marcus Amim no trabalho que exerceram \u00e0 frente das institui\u00e7\u00f5es \u2013 declarou Cl\u00e1udio Castro.<\/p>\n\n\n\n<p>Felipe Curi enfatizou que pretende trabalhar de forma integrada com as demais for\u00e7as de seguran\u00e7a, intensificando o enfrentamento ao crime.<\/p>\n\n\n\n<p>&#8211; Esse ser\u00e1 um grande desafio na minha carreira. O governador passou algumas miss\u00f5es, e vamos trabalhar integrados com a Pol\u00edcia Militar e a Secretaria de Seguran\u00e7a para combater a criminalidade com intelig\u00eancia e investiga\u00e7\u00e3o \u2013 afirmou o delegado.<\/p>\n\n\n\n<p>Com mais de 20 anos na corpora\u00e7\u00e3o, o novo comandante do Corpo de Bombeiros buscar\u00e1 ampliar o atendimento aos cidad\u00e3os em todas as regi\u00f5es do Rio de Janeiro.<\/p>\n\n\n\n<p>-Assumir o comando do Corpo de Bombeiros \u00e9 uma honra, \u00e9 o \u00e1pice da carreira de qualquer oficial. S\u00e3o 27 anos de corpora\u00e7\u00e3o. Vou trabalhar para fazer uma gest\u00e3o que garanta ainda mais melhorias para a nossa tropa para ampliar a rede de atendimento \u00e0 popula\u00e7\u00e3o fluminense \u2013 afirmou o coronel Tarciso de Salles Junior.<\/p>\n\n\n\n<p><strong>Novo chefe da Pol\u00edcia Civil<\/strong><\/p>\n\n\n\n<p>Diretor-geral do Departamento-Geral de Homic\u00eddios e Prote\u00e7\u00e3o \u00e0 Pessoa da Pol\u00edcia Civil do Rio de Janeiro desde outubro de 2023, o delegado Felipe Curi assumiu tamb\u00e9m, por duas vezes, a dire\u00e7\u00e3o do Departamento-Geral de Pol\u00edcia Especializada.<\/p>\n\n\n\n<p>Foi respons\u00e1vel por investiga\u00e7\u00f5es importantes, planejamento e coordena\u00e7\u00e3o de grandes opera\u00e7\u00f5es policiais de combate a quadrilhas especializadas, atuando na pris\u00e3o de mais de 5.000 criminosos.<\/p>\n\n\n\n<p>Entre seus reconhecimentos, foi promovido por Ato de Bravura por planejar, coordenar em campo e executar a Opera\u00e7\u00e3o Policial, em 2021, que localizou o l\u00edder da maior mil\u00edcia do Rio e um dos criminosos mais procurados do pa\u00eds, Wellington da Silva Braga, o Ecko.<br><strong><br>Novo comandante do Corpo de Bombeiros<\/strong><\/p>\n\n\n\n<p>Tarciso de Salles Junior atuava, at\u00e9 ent\u00e3o, como Corregedor-Geral da Secretaria de Estado de Sa\u00fade. Foi corregedor do Corpo de Bombeiros Militar do Estado do Rio de Janeiro em 2019 e 2020, e comandante do 25\u00ba BPM, na G\u00e1vea, por dois anos.<\/p>\n\n\n\n<p>Tamb\u00e9m atuou como secret\u00e1rio municipal de Prote\u00e7\u00e3o e Defesa Civil de Mag\u00e9, em 2021, entre outros cargos na gest\u00e3o p\u00fablica. Foi ainda presidente da Comiss\u00e3o Disciplinar Permanente da Corregedoria-Geral Unificada (CGU) da Secretaria de Seguran\u00e7a P\u00fablica do Estado do Rio de Janeiro, de 2010 a 2015.<\/p>\n\n\n\n<p><strong><em><sup>S\u00e3o Gon\u00e7alo Vai Mudar. O Maior Portal da Cidade.<\/sup><\/em><\/strong><\/p>\n\n\n\n<figure class=\"wp-block-image size-full\"><img decoding=\"async\" width=\"251\" height=\"88\" src=\"https:\/\/sgvaimudar.com.br\/wp-content\/uploads\/2023\/08\/Logo.png\" alt=\"\" class=\"wp-image-2738\" \/><\/figure>\n","protected":false},"excerpt":{"rendered":"<p>O governador Cl\u00e1udio Castro nomear\u00e1, nesta ter\u00e7a-feira (03.09), em Di\u00e1rio Oficial, o delegado Felipe Curi como secret\u00e1rio da Pol\u00edcia Civil&hellip;<\/p>\n","protected":false},"author":5,"featured_media":11397,"comment_status":"open","ping_status":"open","sticky":false,"template":"","format":"standard","meta":{"fifu_image_url":"","fifu_image_alt":"","footnotes":""},"categories":[32],"tags":[],"class_list":["post-11396","post","type-post","status-publish","format-standard","has-post-thumbnail","hentry","category-casos-de-policia"],"_links":{"self":[{"href":"https:\/\/sgvaimudar.com.br\/index.php\/wp-json\/wp\/v2\/posts\/11396","targetHints":{"allow":["GET"]}}],"collection":[{"href":"https:\/\/sgvaimudar.com.br\/index.php\/wp-json\/wp\/v2\/posts"}],"about":[{"href":"https:\/\/sgvaimudar.com.br\/index.php\/wp-json\/wp\/v2\/types\/post"}],"author":[{"embeddable":true,"href":"https:\/\/sgvaimudar.com.br\/index.php\/wp-json\/wp\/v2\/users\/5"}],"replies":[{"embeddable":true,"href":"https:\/\/sgvaimudar.com.br\/index.php\/wp-json\/wp\/v2\/comments?post=11396"}],"version-history":[{"count":1,"href":"https:\/\/sgvaimudar.com.br\/index.php\/wp-json\/wp\/v2\/posts\/11396\/revisions"}],"predecessor-version":[{"id":11398,"href":"https:\/\/sgvaimudar.com.br\/index.php\/wp-json\/wp\/v2\/posts\/11396\/revisions\/11398"}],"wp:featuredmedia":[{"embeddable":true,"href":"https:\/\/sgvaimudar.com.br\/index.php\/wp-json\/wp\/v2\/media\/11397"}],"wp:attachment":[{"href":"https:\/\/sgvaimudar.com.br\/index.php\/wp-json\/wp\/v2\/media?parent=11396"}],"wp:term":[{"taxonomy":"category","embeddable":true,"href":"https:\/\/sgvaimudar.com.br\/index.php\/wp-json\/wp\/v2\/categories?post=11396"},{"taxonomy":"post_tag","embeddable":true,"href":"https:\/\/sgvaimudar.com.br\/index.php\/wp-json\/wp\/v2\/tags?post=11396"}],"curies":[{"name":"wp","href":"https:\/\/api.w.org\/{rel}","templated":true}]}}