{"id":11373,"date":"2024-09-03T08:18:05","date_gmt":"2024-09-03T11:18:05","guid":{"rendered":"https:\/\/sgvaimudar.com.br\/?p=11373"},"modified":"2024-09-03T08:18:06","modified_gmt":"2024-09-03T11:18:06","slug":"atacante-equatoriano-gonzalo-plata-e-contratado-pelo-flamengo","status":"publish","type":"post","link":"https:\/\/sgvaimudar.com.br\/index.php\/2024\/09\/03\/atacante-equatoriano-gonzalo-plata-e-contratado-pelo-flamengo\/","title":{"rendered":"Atacante equatoriano Gonzalo Plata \u00e9  contratado pelo Flamengo"},"content":{"rendered":"\n<p><em>Ele assinou at\u00e9 2028 e busca reaproxima\u00e7\u00e3o com sele\u00e7\u00e3o de seu pa\u00eds ap\u00f3s pol\u00eamica em boate<\/em><\/p>\n\n\n\n<p>O Flamengo oficializou nesta sexta-feira (30) a contrata\u00e7\u00e3o do atacante Gonzalo Plata. O equatoriano de 23 anos estava no Al Sadd, do Catar, e assina contrato at\u00e9 2028. Em valores convertidos, o custo da opera\u00e7\u00e3o foi de aproximadamente R$ 22 milh\u00f5es. \u00c9 a quarta contrata\u00e7\u00e3o da janela do meio de ano. As outras foram Michael, Alex Sandro e Alcaraz.<\/p>\n\n\n\n<p>Para quem n\u00e3o se lembra, Plata teve uma apari\u00e7\u00e3o mete\u00f3rica sendo uma das grandes revela\u00e7\u00f5es do emergente Independiente Del Valle. Logo virou figura constante na sele\u00e7\u00e3o equatoriana e foi titular nos tr\u00eas jogos de seu pa\u00eds na Copa do Mundo do Catar. Neste per\u00edodo, teve passagens por Sporting (Portugal), Valladolid (Espanha) e Al Sadd, clube que defendeu na \u00faltima temporada.<\/p>\n\n\n\n<p>Em meio ao destaque, uma grande pol\u00eamica atrapalhou os planos de Plata. O ponta direita esteve envolvido em uma pol\u00eamica ao marcar presen\u00e7a em uma boate, em Nova York, depois de um amistoso entre Equador e It\u00e1lia. A ida em si n\u00e3o gerou tanta repercuss\u00e3o. A grande quest\u00e3o \u00e9 que um dos jogadores do grupo, que tamb\u00e9m inclu\u00edda Arboleda, do S\u00e3o Paulo, era menor de idade. Desde ent\u00e3o, o atacante n\u00e3o foi mais convocado.<\/p>\n\n\n\n<p>A volta para a Am\u00e9rica do Sul tem como um dos objetivos a reaproxima\u00e7\u00e3o com a sele\u00e7\u00e3o equatoriana. Como houve mudan\u00e7a no comando t\u00e9cnico, o novo treinador \u00e9 o argentino Sebasti\u00e1n Beccacece, existe a esperan\u00e7a de ser lembrado em futuras convoca\u00e7\u00f5es.<\/p>\n\n\n\n<p>Na temporada 2023\/24, Plata disputou 33 jogos e marcou 12 gols. Tamb\u00e9m foram registradas 8 assist\u00eancias para o novo atacante do Flamengo.<\/p>\n\n\n\n<p><strong><em><sup>S\u00e3o Gon\u00e7alo Vai Mudar. O Maior Portal da Cidade.<\/sup><\/em><\/strong><\/p>\n\n\n\n<figure class=\"wp-block-image size-full\"><img decoding=\"async\" width=\"251\" height=\"88\" src=\"https:\/\/sgvaimudar.com.br\/wp-content\/uploads\/2023\/08\/Logo.png\" alt=\"\" class=\"wp-image-2738\" \/><\/figure>\n","protected":false},"excerpt":{"rendered":"<p>Ele assinou at\u00e9 2028 e busca reaproxima\u00e7\u00e3o com sele\u00e7\u00e3o de seu pa\u00eds ap\u00f3s pol\u00eamica em boate O Flamengo oficializou nesta&hellip;<\/p>\n","protected":false},"author":5,"featured_media":11374,"comment_status":"open","ping_status":"open","sticky":false,"template":"","format":"standard","meta":{"fifu_image_url":"","fifu_image_alt":"","footnotes":""},"categories":[5],"tags":[],"class_list":["post-11373","post","type-post","status-publish","format-standard","has-post-thumbnail","hentry","category-esportes"],"_links":{"self":[{"href":"https:\/\/sgvaimudar.com.br\/index.php\/wp-json\/wp\/v2\/posts\/11373","targetHints":{"allow":["GET"]}}],"collection":[{"href":"https:\/\/sgvaimudar.com.br\/index.php\/wp-json\/wp\/v2\/posts"}],"about":[{"href":"https:\/\/sgvaimudar.com.br\/index.php\/wp-json\/wp\/v2\/types\/post"}],"author":[{"embeddable":true,"href":"https:\/\/sgvaimudar.com.br\/index.php\/wp-json\/wp\/v2\/users\/5"}],"replies":[{"embeddable":true,"href":"https:\/\/sgvaimudar.com.br\/index.php\/wp-json\/wp\/v2\/comments?post=11373"}],"version-history":[{"count":1,"href":"https:\/\/sgvaimudar.com.br\/index.php\/wp-json\/wp\/v2\/posts\/11373\/revisions"}],"predecessor-version":[{"id":11375,"href":"https:\/\/sgvaimudar.com.br\/index.php\/wp-json\/wp\/v2\/posts\/11373\/revisions\/11375"}],"wp:featuredmedia":[{"embeddable":true,"href":"https:\/\/sgvaimudar.com.br\/index.php\/wp-json\/wp\/v2\/media\/11374"}],"wp:attachment":[{"href":"https:\/\/sgvaimudar.com.br\/index.php\/wp-json\/wp\/v2\/media?parent=11373"}],"wp:term":[{"taxonomy":"category","embeddable":true,"href":"https:\/\/sgvaimudar.com.br\/index.php\/wp-json\/wp\/v2\/categories?post=11373"},{"taxonomy":"post_tag","embeddable":true,"href":"https:\/\/sgvaimudar.com.br\/index.php\/wp-json\/wp\/v2\/tags?post=11373"}],"curies":[{"name":"wp","href":"https:\/\/api.w.org\/{rel}","templated":true}]}}